{"id":96058,"date":"2023-02-24T19:03:56","date_gmt":"2023-02-24T18:03:56","guid":{"rendered":"https:\/\/bmf-fvm.org\/?p=96058"},"modified":"2023-02-24T19:16:43","modified_gmt":"2023-02-24T18:16:43","slug":"2023-bizkaiko-xendazaletasun-vi-ligako-egutegia","status":"publish","type":"post","link":"https:\/\/bmf-fvm.org\/eu\/2023-bizkaiko-xendazaletasun-vi-ligako-egutegia\/","title":{"rendered":"2023 Bizkaiko Xendazaletasun VI. Ligako egutegia"},"content":{"rendered":"<p><a href=\"https:\/\/bmf-fvm.org\/wp-content\/uploads\/2023\/02\/Cartel-Liga-Senderismo-2023-euskera.jpg\"><img loading=\"lazy\" decoding=\"async\" class=\"alignleft wp-image-96065 size-thumbnail\" src=\"https:\/\/bmf-fvm.org\/wp-content\/uploads\/2023\/02\/Cartel-Liga-Senderismo-2023-euskera-150x150.jpg\" alt=\"\" width=\"150\" height=\"150\" srcset=\"https:\/\/bmf-fvm.org\/wp-content\/uploads\/2023\/02\/Cartel-Liga-Senderismo-2023-euskera-150x150.jpg 150w, https:\/\/bmf-fvm.org\/wp-content\/uploads\/2023\/02\/Cartel-Liga-Senderismo-2023-euskera-468x468.jpg 468w\" sizes=\"auto, (max-width: 150px) 100vw, 150px\" \/><\/a>2023 Bizkaiko Xendazaletasun VI. Ligako egutegia aurkezten dizuegu, urte honetan zehar zuen irteerak eta txangoak molda ditzazuen. Gure Ligako irteerak FEDMEren (XIL) 2023ko Xendazaletasun Iberiar Ligan sartuta egongo dira, eta aurten Portugalen eta Andorran ekitaldiak egingo dira. Informazio guztiaren jakinaren gainean egon ahal izango duzue Pausoz pausoko APPtik XILren<\/p>\n","protected":false},"excerpt":{"rendered":"<p>2023 Bizkaiko Xendazaletasun VI. Ligako egutegia aurkezten dizuegu, urte honetan zehar zuen irteerak eta txangoak molda ditzazuen. Gure Ligako irteerak&hellip;<\/p>\n","protected":false},"author":1,"featured_media":96056,"comment_status":"closed","ping_status":"closed","sticky":false,"template":"","format":"standard","meta":{"_acf_changed":false,"footnotes":""},"categories":[35],"tags":[],"class_list":["post-96058","post","type-post","status-publish","format-standard","has-post-thumbnail","hentry","category-uncategorized-eu","seccion-ibilbideak"],"acf":[],"yoast_head":"<!-- This site is optimized with the Yoast SEO plugin v27.3 - https:\/\/yoast.com\/product\/yoast-seo-wordpress\/ -->\n<title>2023 Bizkaiko Xendazaletasun VI. Ligako egutegia - Bizkaiko Mendizale Federazioa<\/title>\n<meta name=\"robots\" content=\"index, follow, max-snippet:-1, max-image-preview:large, max-video-preview:-1\" \/>\n<link rel=\"canonical\" href=\"https:\/\/bmf-fvm.org\/eu\/2023-bizkaiko-xendazaletasun-vi-ligako-egutegia\/\" \/>\n<meta property=\"og:locale\" content=\"en_US\" \/>\n<meta property=\"og:type\" content=\"article\" \/>\n<meta property=\"og:title\" content=\"2023 Bizkaiko Xendazaletasun VI. Ligako egutegia - Bizkaiko Mendizale Federazioa\" \/>\n<meta property=\"og:description\" content=\"2023 Bizkaiko Xendazaletasun VI. Ligako egutegia aurkezten dizuegu, urte honetan zehar zuen irteerak eta txangoak molda ditzazuen. Gure Ligako irteerak&hellip;\" \/>\n<meta property=\"og:url\" content=\"https:\/\/bmf-fvm.org\/eu\/2023-bizkaiko-xendazaletasun-vi-ligako-egutegia\/\" \/>\n<meta property=\"og:site_name\" content=\"Bizkaiko Mendizale Federazioa\" \/>\n<meta property=\"article:publisher\" content=\"https:\/\/facebook.com\/pages\/Bmf-Fvm\/597553177057267\" \/>\n<meta property=\"article:published_time\" content=\"2023-02-24T18:03:56+00:00\" \/>\n<meta property=\"article:modified_time\" content=\"2023-02-24T18:16:43+00:00\" \/>\n<meta property=\"og:image\" content=\"https:\/\/bmf-fvm.org\/wp-content\/uploads\/2023\/02\/Foto-principal.jpg\" \/>\n\t<meta property=\"og:image:width\" content=\"2048\" \/>\n\t<meta property=\"og:image:height\" content=\"921\" \/>\n\t<meta property=\"og:image:type\" content=\"image\/jpeg\" \/>\n<meta name=\"author\" content=\"BmfAdmin\" \/>\n<meta name=\"twitter:card\" content=\"summary_large_image\" \/>\n<meta name=\"twitter:label1\" content=\"Written by\" \/>\n\t<meta name=\"twitter:data1\" content=\"BmfAdmin\" \/>\n<script type=\"application\/ld+json\" class=\"yoast-schema-graph\">{\"@context\":\"https:\\\/\\\/schema.org\",\"@graph\":[{\"@type\":\"Article\",\"@id\":\"https:\\\/\\\/bmf-fvm.org\\\/eu\\\/2023-bizkaiko-xendazaletasun-vi-ligako-egutegia\\\/#article\",\"isPartOf\":{\"@id\":\"https:\\\/\\\/bmf-fvm.org\\\/eu\\\/2023-bizkaiko-xendazaletasun-vi-ligako-egutegia\\\/\"},\"author\":{\"name\":\"BmfAdmin\",\"@id\":\"https:\\\/\\\/bmf-fvm.org\\\/#\\\/schema\\\/person\\\/63359a616f2331b4f1d70cd1c256048b\"},\"headline\":\"2023 Bizkaiko Xendazaletasun VI. Ligako egutegia\",\"datePublished\":\"2023-02-24T18:03:56+00:00\",\"dateModified\":\"2023-02-24T18:16:43+00:00\",\"mainEntityOfPage\":{\"@id\":\"https:\\\/\\\/bmf-fvm.org\\\/eu\\\/2023-bizkaiko-xendazaletasun-vi-ligako-egutegia\\\/\"},\"wordCount\":53,\"publisher\":{\"@id\":\"https:\\\/\\\/bmf-fvm.org\\\/#organization\"},\"image\":{\"@id\":\"https:\\\/\\\/bmf-fvm.org\\\/eu\\\/2023-bizkaiko-xendazaletasun-vi-ligako-egutegia\\\/#primaryimage\"},\"thumbnailUrl\":\"https:\\\/\\\/bmf-fvm.org\\\/wp-content\\\/uploads\\\/2023\\\/02\\\/Foto-principal.jpg\",\"articleSection\":[\"Uncategorized @eu\"],\"inLanguage\":\"eu\"},{\"@type\":\"WebPage\",\"@id\":\"https:\\\/\\\/bmf-fvm.org\\\/eu\\\/2023-bizkaiko-xendazaletasun-vi-ligako-egutegia\\\/\",\"url\":\"https:\\\/\\\/bmf-fvm.org\\\/eu\\\/2023-bizkaiko-xendazaletasun-vi-ligako-egutegia\\\/\",\"name\":\"2023 Bizkaiko Xendazaletasun VI. Ligako egutegia - Bizkaiko Mendizale Federazioa\",\"isPartOf\":{\"@id\":\"https:\\\/\\\/bmf-fvm.org\\\/#website\"},\"primaryImageOfPage\":{\"@id\":\"https:\\\/\\\/bmf-fvm.org\\\/eu\\\/2023-bizkaiko-xendazaletasun-vi-ligako-egutegia\\\/#primaryimage\"},\"image\":{\"@id\":\"https:\\\/\\\/bmf-fvm.org\\\/eu\\\/2023-bizkaiko-xendazaletasun-vi-ligako-egutegia\\\/#primaryimage\"},\"thumbnailUrl\":\"https:\\\/\\\/bmf-fvm.org\\\/wp-content\\\/uploads\\\/2023\\\/02\\\/Foto-principal.jpg\",\"datePublished\":\"2023-02-24T18:03:56+00:00\",\"dateModified\":\"2023-02-24T18:16:43+00:00\",\"breadcrumb\":{\"@id\":\"https:\\\/\\\/bmf-fvm.org\\\/eu\\\/2023-bizkaiko-xendazaletasun-vi-ligako-egutegia\\\/#breadcrumb\"},\"inLanguage\":\"eu\",\"potentialAction\":[{\"@type\":\"ReadAction\",\"target\":[\"https:\\\/\\\/bmf-fvm.org\\\/eu\\\/2023-bizkaiko-xendazaletasun-vi-ligako-egutegia\\\/\"]}]},{\"@type\":\"ImageObject\",\"inLanguage\":\"eu\",\"@id\":\"https:\\\/\\\/bmf-fvm.org\\\/eu\\\/2023-bizkaiko-xendazaletasun-vi-ligako-egutegia\\\/#primaryimage\",\"url\":\"https:\\\/\\\/bmf-fvm.org\\\/wp-content\\\/uploads\\\/2023\\\/02\\\/Foto-principal.jpg\",\"contentUrl\":\"https:\\\/\\\/bmf-fvm.org\\\/wp-content\\\/uploads\\\/2023\\\/02\\\/Foto-principal.jpg\",\"width\":2048,\"height\":921},{\"@type\":\"BreadcrumbList\",\"@id\":\"https:\\\/\\\/bmf-fvm.org\\\/eu\\\/2023-bizkaiko-xendazaletasun-vi-ligako-egutegia\\\/#breadcrumb\",\"itemListElement\":[{\"@type\":\"ListItem\",\"position\":1,\"name\":\"Portada\",\"item\":\"https:\\\/\\\/bmf-fvm.org\\\/eu\\\/\"},{\"@type\":\"ListItem\",\"position\":2,\"name\":\"2023 Bizkaiko Xendazaletasun VI. Ligako egutegia\"}]},{\"@type\":\"WebSite\",\"@id\":\"https:\\\/\\\/bmf-fvm.org\\\/#website\",\"url\":\"https:\\\/\\\/bmf-fvm.org\\\/\",\"name\":\"Bizkaiko Mendizale Federazioa\",\"description\":\"Bizkaiko Mendizale Federazioa\",\"publisher\":{\"@id\":\"https:\\\/\\\/bmf-fvm.org\\\/#organization\"},\"potentialAction\":[{\"@type\":\"SearchAction\",\"target\":{\"@type\":\"EntryPoint\",\"urlTemplate\":\"https:\\\/\\\/bmf-fvm.org\\\/?s={search_term_string}\"},\"query-input\":{\"@type\":\"PropertyValueSpecification\",\"valueRequired\":true,\"valueName\":\"search_term_string\"}}],\"inLanguage\":\"eu\"},{\"@type\":\"Organization\",\"@id\":\"https:\\\/\\\/bmf-fvm.org\\\/#organization\",\"name\":\"Federaci\u00f3n Vizca\u00edna de Monta\u00f1a\",\"url\":\"https:\\\/\\\/bmf-fvm.org\\\/\",\"logo\":{\"@type\":\"ImageObject\",\"inLanguage\":\"eu\",\"@id\":\"https:\\\/\\\/bmf-fvm.org\\\/#\\\/schema\\\/logo\\\/image\\\/\",\"url\":\"https:\\\/\\\/bmf-fvm.org\\\/wp-content\\\/uploads\\\/2022\\\/03\\\/bmf-logo-trans.png\",\"contentUrl\":\"https:\\\/\\\/bmf-fvm.org\\\/wp-content\\\/uploads\\\/2022\\\/03\\\/bmf-logo-trans.png\",\"width\":41,\"height\":61,\"caption\":\"Federaci\u00f3n Vizca\u00edna de Monta\u00f1a\"},\"image\":{\"@id\":\"https:\\\/\\\/bmf-fvm.org\\\/#\\\/schema\\\/logo\\\/image\\\/\"},\"sameAs\":[\"https:\\\/\\\/facebook.com\\\/pages\\\/Bmf-Fvm\\\/597553177057267\"]},{\"@type\":\"Person\",\"@id\":\"https:\\\/\\\/bmf-fvm.org\\\/#\\\/schema\\\/person\\\/63359a616f2331b4f1d70cd1c256048b\",\"name\":\"BmfAdmin\",\"image\":{\"@type\":\"ImageObject\",\"inLanguage\":\"eu\",\"@id\":\"https:\\\/\\\/secure.gravatar.com\\\/avatar\\\/abf7564cd3c5c934284f90d85e0919599b6430aa54e34843dbeb4a9df279b667?s=96&d=mm&r=g\",\"url\":\"https:\\\/\\\/secure.gravatar.com\\\/avatar\\\/abf7564cd3c5c934284f90d85e0919599b6430aa54e34843dbeb4a9df279b667?s=96&d=mm&r=g\",\"contentUrl\":\"https:\\\/\\\/secure.gravatar.com\\\/avatar\\\/abf7564cd3c5c934284f90d85e0919599b6430aa54e34843dbeb4a9df279b667?s=96&d=mm&r=g\",\"caption\":\"BmfAdmin\"},\"sameAs\":[\"https:\\\/\\\/bmf-fvm.org\"]}]}<\/script>\n<!-- \/ Yoast SEO plugin. -->","yoast_head_json":{"title":"2023 Bizkaiko Xendazaletasun VI. Ligako egutegia - Bizkaiko Mendizale Federazioa","robots":{"index":"index","follow":"follow","max-snippet":"max-snippet:-1","max-image-preview":"max-image-preview:large","max-video-preview":"max-video-preview:-1"},"canonical":"https:\/\/bmf-fvm.org\/eu\/2023-bizkaiko-xendazaletasun-vi-ligako-egutegia\/","og_locale":"en_US","og_type":"article","og_title":"2023 Bizkaiko Xendazaletasun VI. Ligako egutegia - Bizkaiko Mendizale Federazioa","og_description":"2023 Bizkaiko Xendazaletasun VI. Ligako egutegia aurkezten dizuegu, urte honetan zehar zuen irteerak eta txangoak molda ditzazuen. Gure Ligako irteerak&hellip;","og_url":"https:\/\/bmf-fvm.org\/eu\/2023-bizkaiko-xendazaletasun-vi-ligako-egutegia\/","og_site_name":"Bizkaiko Mendizale Federazioa","article_publisher":"https:\/\/facebook.com\/pages\/Bmf-Fvm\/597553177057267","article_published_time":"2023-02-24T18:03:56+00:00","article_modified_time":"2023-02-24T18:16:43+00:00","og_image":[{"width":2048,"height":921,"url":"https:\/\/bmf-fvm.org\/wp-content\/uploads\/2023\/02\/Foto-principal.jpg","type":"image\/jpeg"}],"author":"BmfAdmin","twitter_card":"summary_large_image","twitter_misc":{"Written by":"BmfAdmin"},"schema":{"@context":"https:\/\/schema.org","@graph":[{"@type":"Article","@id":"https:\/\/bmf-fvm.org\/eu\/2023-bizkaiko-xendazaletasun-vi-ligako-egutegia\/#article","isPartOf":{"@id":"https:\/\/bmf-fvm.org\/eu\/2023-bizkaiko-xendazaletasun-vi-ligako-egutegia\/"},"author":{"name":"BmfAdmin","@id":"https:\/\/bmf-fvm.org\/#\/schema\/person\/63359a616f2331b4f1d70cd1c256048b"},"headline":"2023 Bizkaiko Xendazaletasun VI. Ligako egutegia","datePublished":"2023-02-24T18:03:56+00:00","dateModified":"2023-02-24T18:16:43+00:00","mainEntityOfPage":{"@id":"https:\/\/bmf-fvm.org\/eu\/2023-bizkaiko-xendazaletasun-vi-ligako-egutegia\/"},"wordCount":53,"publisher":{"@id":"https:\/\/bmf-fvm.org\/#organization"},"image":{"@id":"https:\/\/bmf-fvm.org\/eu\/2023-bizkaiko-xendazaletasun-vi-ligako-egutegia\/#primaryimage"},"thumbnailUrl":"https:\/\/bmf-fvm.org\/wp-content\/uploads\/2023\/02\/Foto-principal.jpg","articleSection":["Uncategorized @eu"],"inLanguage":"eu"},{"@type":"WebPage","@id":"https:\/\/bmf-fvm.org\/eu\/2023-bizkaiko-xendazaletasun-vi-ligako-egutegia\/","url":"https:\/\/bmf-fvm.org\/eu\/2023-bizkaiko-xendazaletasun-vi-ligako-egutegia\/","name":"2023 Bizkaiko Xendazaletasun VI. Ligako egutegia - Bizkaiko Mendizale Federazioa","isPartOf":{"@id":"https:\/\/bmf-fvm.org\/#website"},"primaryImageOfPage":{"@id":"https:\/\/bmf-fvm.org\/eu\/2023-bizkaiko-xendazaletasun-vi-ligako-egutegia\/#primaryimage"},"image":{"@id":"https:\/\/bmf-fvm.org\/eu\/2023-bizkaiko-xendazaletasun-vi-ligako-egutegia\/#primaryimage"},"thumbnailUrl":"https:\/\/bmf-fvm.org\/wp-content\/uploads\/2023\/02\/Foto-principal.jpg","datePublished":"2023-02-24T18:03:56+00:00","dateModified":"2023-02-24T18:16:43+00:00","breadcrumb":{"@id":"https:\/\/bmf-fvm.org\/eu\/2023-bizkaiko-xendazaletasun-vi-ligako-egutegia\/#breadcrumb"},"inLanguage":"eu","potentialAction":[{"@type":"ReadAction","target":["https:\/\/bmf-fvm.org\/eu\/2023-bizkaiko-xendazaletasun-vi-ligako-egutegia\/"]}]},{"@type":"ImageObject","inLanguage":"eu","@id":"https:\/\/bmf-fvm.org\/eu\/2023-bizkaiko-xendazaletasun-vi-ligako-egutegia\/#primaryimage","url":"https:\/\/bmf-fvm.org\/wp-content\/uploads\/2023\/02\/Foto-principal.jpg","contentUrl":"https:\/\/bmf-fvm.org\/wp-content\/uploads\/2023\/02\/Foto-principal.jpg","width":2048,"height":921},{"@type":"BreadcrumbList","@id":"https:\/\/bmf-fvm.org\/eu\/2023-bizkaiko-xendazaletasun-vi-ligako-egutegia\/#breadcrumb","itemListElement":[{"@type":"ListItem","position":1,"name":"Portada","item":"https:\/\/bmf-fvm.org\/eu\/"},{"@type":"ListItem","position":2,"name":"2023 Bizkaiko Xendazaletasun VI. Ligako egutegia"}]},{"@type":"WebSite","@id":"https:\/\/bmf-fvm.org\/#website","url":"https:\/\/bmf-fvm.org\/","name":"Bizkaiko Mendizale Federazioa","description":"Bizkaiko Mendizale Federazioa","publisher":{"@id":"https:\/\/bmf-fvm.org\/#organization"},"potentialAction":[{"@type":"SearchAction","target":{"@type":"EntryPoint","urlTemplate":"https:\/\/bmf-fvm.org\/?s={search_term_string}"},"query-input":{"@type":"PropertyValueSpecification","valueRequired":true,"valueName":"search_term_string"}}],"inLanguage":"eu"},{"@type":"Organization","@id":"https:\/\/bmf-fvm.org\/#organization","name":"Federaci\u00f3n Vizca\u00edna de Monta\u00f1a","url":"https:\/\/bmf-fvm.org\/","logo":{"@type":"ImageObject","inLanguage":"eu","@id":"https:\/\/bmf-fvm.org\/#\/schema\/logo\/image\/","url":"https:\/\/bmf-fvm.org\/wp-content\/uploads\/2022\/03\/bmf-logo-trans.png","contentUrl":"https:\/\/bmf-fvm.org\/wp-content\/uploads\/2022\/03\/bmf-logo-trans.png","width":41,"height":61,"caption":"Federaci\u00f3n Vizca\u00edna de Monta\u00f1a"},"image":{"@id":"https:\/\/bmf-fvm.org\/#\/schema\/logo\/image\/"},"sameAs":["https:\/\/facebook.com\/pages\/Bmf-Fvm\/597553177057267"]},{"@type":"Person","@id":"https:\/\/bmf-fvm.org\/#\/schema\/person\/63359a616f2331b4f1d70cd1c256048b","name":"BmfAdmin","image":{"@type":"ImageObject","inLanguage":"eu","@id":"https:\/\/secure.gravatar.com\/avatar\/abf7564cd3c5c934284f90d85e0919599b6430aa54e34843dbeb4a9df279b667?s=96&d=mm&r=g","url":"https:\/\/secure.gravatar.com\/avatar\/abf7564cd3c5c934284f90d85e0919599b6430aa54e34843dbeb4a9df279b667?s=96&d=mm&r=g","contentUrl":"https:\/\/secure.gravatar.com\/avatar\/abf7564cd3c5c934284f90d85e0919599b6430aa54e34843dbeb4a9df279b667?s=96&d=mm&r=g","caption":"BmfAdmin"},"sameAs":["https:\/\/bmf-fvm.org"]}]}},"_links":{"self":[{"href":"https:\/\/bmf-fvm.org\/eu\/wp-json\/wp\/v2\/posts\/96058","targetHints":{"allow":["GET"]}}],"collection":[{"href":"https:\/\/bmf-fvm.org\/eu\/wp-json\/wp\/v2\/posts"}],"about":[{"href":"https:\/\/bmf-fvm.org\/eu\/wp-json\/wp\/v2\/types\/post"}],"author":[{"embeddable":true,"href":"https:\/\/bmf-fvm.org\/eu\/wp-json\/wp\/v2\/users\/1"}],"replies":[{"embeddable":true,"href":"https:\/\/bmf-fvm.org\/eu\/wp-json\/wp\/v2\/comments?post=96058"}],"version-history":[{"count":0,"href":"https:\/\/bmf-fvm.org\/eu\/wp-json\/wp\/v2\/posts\/96058\/revisions"}],"wp:featuredmedia":[{"embeddable":true,"href":"https:\/\/bmf-fvm.org\/eu\/wp-json\/wp\/v2\/media\/96056"}],"wp:attachment":[{"href":"https:\/\/bmf-fvm.org\/eu\/wp-json\/wp\/v2\/media?parent=96058"}],"wp:term":[{"taxonomy":"category","embeddable":true,"href":"https:\/\/bmf-fvm.org\/eu\/wp-json\/wp\/v2\/categories?post=96058"},{"taxonomy":"post_tag","embeddable":true,"href":"https:\/\/bmf-fvm.org\/eu\/wp-json\/wp\/v2\/tags?post=96058"}],"curies":[{"name":"wp","href":"https:\/\/api.w.org\/{rel}","templated":true}]}}