{"id":70861,"date":"2021-10-04T15:29:44","date_gmt":"2021-10-04T13:29:44","guid":{"rendered":"https:\/\/bmf-fvm.org\/eskalada-ogonon\/"},"modified":"2021-10-04T15:29:44","modified_gmt":"2021-10-04T13:29:44","slug":"eskalada-ogonon","status":"publish","type":"post","link":"https:\/\/bmf-fvm.org\/eu\/eskalada-ogonon\/","title":{"rendered":"Eskalada Ogo\u00f1on"},"content":{"rendered":"<p><strong>LARRIALDIKO IKUSKAPENA!<\/strong><\/p>\n<p>Kaio Kume bidea lehen aldiz ikuskatu ondoren, badirudi hirugarren ainguraketa horren barne-korrosio kasu puntual bat dela.<\/p>\n<p>Ainguraketak eskuz aztertu eta probatu dira, eta bakar bat ere ez du hausturarik izan.<\/p>\n<p>Azkoina eta txapa kentzean, beste ainguraketan ez dira ikusten muturreko korrosioaren sintoma berberak, eta hautsi den horretan ikusten dira.<\/p>\n<p>Hirugarren ainguraketa hori INOXA4rekin aldatu da, eta kartel bat jarri da bide hau eta beste batzuk (Amagoia, Gadea edo Independentzia) ez eskalatzeko. Guztiak INOX A2 material berarekin ekipatutak 2000. urtean.<\/p>\n<p>Ez ahaztu ainguraketa horretan gertatutakoa beste bide batzuetan ere gerta daitekeela aldez aurretik abisatu gabe; beraz, komeni da kontu handiz ibiltzea balorazio eta saiakuntza zehatzagoak egin arte.<\/p>\n<p>Kontu pertsonala da ainguraketen egoera baloratzea, Ogo\u00f1on eskalada bat eginez gero.<\/p>\n<p><a href=\"https:\/\/bmf-fvm.org\/wp-content\/uploads\/2021\/10\/ogono-3.jpg\"><img loading=\"lazy\" decoding=\"async\" class=\"alignnone wp-image-69479 size-medium\" src=\"https:\/\/bmf-fvm.org\/wp-content\/uploads\/2021\/10\/ogono-3-225x300.jpg\" alt=\"\" width=\"225\" height=\"300\" \/><\/a> <a href=\"https:\/\/bmf-fvm.org\/wp-content\/uploads\/2021\/10\/ogono-2.jpg\"><img loading=\"lazy\" decoding=\"async\" class=\"alignnone wp-image-69480 size-medium\" src=\"https:\/\/bmf-fvm.org\/wp-content\/uploads\/2021\/10\/ogono-2-207x300.jpg\" alt=\"\" width=\"207\" height=\"300\" \/><\/a> <a href=\"https:\/\/bmf-fvm.org\/wp-content\/uploads\/2021\/10\/ogono-1.jpg\"><img loading=\"lazy\" decoding=\"async\" class=\"alignnone wp-image-69481 size-medium\" src=\"https:\/\/bmf-fvm.org\/wp-content\/uploads\/2021\/10\/ogono-1-201x300.jpg\" alt=\"\" width=\"201\" height=\"300\" \/><\/a><\/p>\n","protected":false},"excerpt":{"rendered":"<p>LARRIALDIKO IKUSKAPENA! Kaio Kume bidea lehen aldiz ikuskatu ondoren, badirudi hirugarren ainguraketa horren barne-korrosio kasu puntual bat dela. Ainguraketak eskuz&hellip;<\/p>\n","protected":false},"author":1,"featured_media":70859,"comment_status":"","ping_status":"","sticky":false,"template":"","format":"standard","meta":{"_acf_changed":false,"footnotes":""},"categories":[1],"tags":[],"class_list":["post-70861","post","type-post","status-publish","format-standard","has-post-thumbnail","hentry","category-sin-categorizar"],"acf":[],"yoast_head":"<!-- This site is optimized with the Yoast SEO plugin v27.3 - https:\/\/yoast.com\/product\/yoast-seo-wordpress\/ -->\n<title>Eskalada Ogo\u00f1on - Bizkaiko Mendizale Federazioa<\/title>\n<meta name=\"robots\" content=\"index, follow, max-snippet:-1, max-image-preview:large, max-video-preview:-1\" \/>\n<link rel=\"canonical\" href=\"https:\/\/bmf-fvm.org\/eu\/eskalada-ogonon\/\" \/>\n<meta property=\"og:locale\" content=\"en_US\" \/>\n<meta property=\"og:type\" content=\"article\" \/>\n<meta property=\"og:title\" content=\"Eskalada Ogo\u00f1on - Bizkaiko Mendizale Federazioa\" \/>\n<meta property=\"og:description\" content=\"LARRIALDIKO IKUSKAPENA! Kaio Kume bidea lehen aldiz ikuskatu ondoren, badirudi hirugarren ainguraketa horren barne-korrosio kasu puntual bat dela. Ainguraketak eskuz&hellip;\" \/>\n<meta property=\"og:url\" content=\"https:\/\/bmf-fvm.org\/eu\/eskalada-ogonon\/\" \/>\n<meta property=\"og:site_name\" content=\"Bizkaiko Mendizale Federazioa\" \/>\n<meta property=\"article:publisher\" content=\"https:\/\/facebook.com\/pages\/Bmf-Fvm\/597553177057267\" \/>\n<meta property=\"article:published_time\" content=\"2021-10-04T13:29:44+00:00\" \/>\n<meta property=\"og:image\" content=\"https:\/\/bmf-fvm.org\/wp-content\/uploads\/2021\/10\/ogono-3.jpg\" \/>\n\t<meta property=\"og:image:width\" content=\"1024\" \/>\n\t<meta property=\"og:image:height\" content=\"1365\" \/>\n\t<meta property=\"og:image:type\" content=\"image\/jpeg\" \/>\n<meta name=\"author\" content=\"BmfAdmin\" \/>\n<meta name=\"twitter:card\" content=\"summary_large_image\" \/>\n<meta name=\"twitter:label1\" content=\"Written by\" \/>\n\t<meta name=\"twitter:data1\" content=\"BmfAdmin\" \/>\n\t<meta name=\"twitter:label2\" content=\"Est. reading time\" \/>\n\t<meta name=\"twitter:data2\" content=\"1 minutua\" \/>\n<script type=\"application\/ld+json\" class=\"yoast-schema-graph\">{\"@context\":\"https:\\\/\\\/schema.org\",\"@graph\":[{\"@type\":\"Article\",\"@id\":\"https:\\\/\\\/bmf-fvm.org\\\/eu\\\/eskalada-ogonon\\\/#article\",\"isPartOf\":{\"@id\":\"https:\\\/\\\/bmf-fvm.org\\\/eu\\\/eskalada-ogonon\\\/\"},\"author\":{\"name\":\"BmfAdmin\",\"@id\":\"https:\\\/\\\/bmf-fvm.org\\\/#\\\/schema\\\/person\\\/63359a616f2331b4f1d70cd1c256048b\"},\"headline\":\"Eskalada Ogo\u00f1on\",\"datePublished\":\"2021-10-04T13:29:44+00:00\",\"mainEntityOfPage\":{\"@id\":\"https:\\\/\\\/bmf-fvm.org\\\/eu\\\/eskalada-ogonon\\\/\"},\"wordCount\":123,\"publisher\":{\"@id\":\"https:\\\/\\\/bmf-fvm.org\\\/#organization\"},\"image\":{\"@id\":\"https:\\\/\\\/bmf-fvm.org\\\/eu\\\/eskalada-ogonon\\\/#primaryimage\"},\"thumbnailUrl\":\"https:\\\/\\\/bmf-fvm.org\\\/wp-content\\\/uploads\\\/2021\\\/10\\\/ogono-3.jpg\",\"articleSection\":[\"Sin categorizar\"],\"inLanguage\":\"eu\"},{\"@type\":\"WebPage\",\"@id\":\"https:\\\/\\\/bmf-fvm.org\\\/eu\\\/eskalada-ogonon\\\/\",\"url\":\"https:\\\/\\\/bmf-fvm.org\\\/eu\\\/eskalada-ogonon\\\/\",\"name\":\"Eskalada Ogo\u00f1on - Bizkaiko Mendizale Federazioa\",\"isPartOf\":{\"@id\":\"https:\\\/\\\/bmf-fvm.org\\\/#website\"},\"primaryImageOfPage\":{\"@id\":\"https:\\\/\\\/bmf-fvm.org\\\/eu\\\/eskalada-ogonon\\\/#primaryimage\"},\"image\":{\"@id\":\"https:\\\/\\\/bmf-fvm.org\\\/eu\\\/eskalada-ogonon\\\/#primaryimage\"},\"thumbnailUrl\":\"https:\\\/\\\/bmf-fvm.org\\\/wp-content\\\/uploads\\\/2021\\\/10\\\/ogono-3.jpg\",\"datePublished\":\"2021-10-04T13:29:44+00:00\",\"breadcrumb\":{\"@id\":\"https:\\\/\\\/bmf-fvm.org\\\/eu\\\/eskalada-ogonon\\\/#breadcrumb\"},\"inLanguage\":\"eu\",\"potentialAction\":[{\"@type\":\"ReadAction\",\"target\":[\"https:\\\/\\\/bmf-fvm.org\\\/eu\\\/eskalada-ogonon\\\/\"]}]},{\"@type\":\"ImageObject\",\"inLanguage\":\"eu\",\"@id\":\"https:\\\/\\\/bmf-fvm.org\\\/eu\\\/eskalada-ogonon\\\/#primaryimage\",\"url\":\"https:\\\/\\\/bmf-fvm.org\\\/wp-content\\\/uploads\\\/2021\\\/10\\\/ogono-3.jpg\",\"contentUrl\":\"https:\\\/\\\/bmf-fvm.org\\\/wp-content\\\/uploads\\\/2021\\\/10\\\/ogono-3.jpg\",\"width\":1024,\"height\":1365},{\"@type\":\"BreadcrumbList\",\"@id\":\"https:\\\/\\\/bmf-fvm.org\\\/eu\\\/eskalada-ogonon\\\/#breadcrumb\",\"itemListElement\":[{\"@type\":\"ListItem\",\"position\":1,\"name\":\"Portada\",\"item\":\"https:\\\/\\\/bmf-fvm.org\\\/eu\\\/\"},{\"@type\":\"ListItem\",\"position\":2,\"name\":\"Eskalada Ogo\u00f1on\"}]},{\"@type\":\"WebSite\",\"@id\":\"https:\\\/\\\/bmf-fvm.org\\\/#website\",\"url\":\"https:\\\/\\\/bmf-fvm.org\\\/\",\"name\":\"Bizkaiko Mendizale Federazioa\",\"description\":\"Bizkaiko Mendizale Federazioa\",\"publisher\":{\"@id\":\"https:\\\/\\\/bmf-fvm.org\\\/#organization\"},\"potentialAction\":[{\"@type\":\"SearchAction\",\"target\":{\"@type\":\"EntryPoint\",\"urlTemplate\":\"https:\\\/\\\/bmf-fvm.org\\\/?s={search_term_string}\"},\"query-input\":{\"@type\":\"PropertyValueSpecification\",\"valueRequired\":true,\"valueName\":\"search_term_string\"}}],\"inLanguage\":\"eu\"},{\"@type\":\"Organization\",\"@id\":\"https:\\\/\\\/bmf-fvm.org\\\/#organization\",\"name\":\"Federaci\u00f3n Vizca\u00edna de Monta\u00f1a\",\"url\":\"https:\\\/\\\/bmf-fvm.org\\\/\",\"logo\":{\"@type\":\"ImageObject\",\"inLanguage\":\"eu\",\"@id\":\"https:\\\/\\\/bmf-fvm.org\\\/#\\\/schema\\\/logo\\\/image\\\/\",\"url\":\"https:\\\/\\\/bmf-fvm.org\\\/wp-content\\\/uploads\\\/2022\\\/03\\\/bmf-logo-trans.png\",\"contentUrl\":\"https:\\\/\\\/bmf-fvm.org\\\/wp-content\\\/uploads\\\/2022\\\/03\\\/bmf-logo-trans.png\",\"width\":41,\"height\":61,\"caption\":\"Federaci\u00f3n Vizca\u00edna de Monta\u00f1a\"},\"image\":{\"@id\":\"https:\\\/\\\/bmf-fvm.org\\\/#\\\/schema\\\/logo\\\/image\\\/\"},\"sameAs\":[\"https:\\\/\\\/facebook.com\\\/pages\\\/Bmf-Fvm\\\/597553177057267\"]},{\"@type\":\"Person\",\"@id\":\"https:\\\/\\\/bmf-fvm.org\\\/#\\\/schema\\\/person\\\/63359a616f2331b4f1d70cd1c256048b\",\"name\":\"BmfAdmin\",\"image\":{\"@type\":\"ImageObject\",\"inLanguage\":\"eu\",\"@id\":\"https:\\\/\\\/secure.gravatar.com\\\/avatar\\\/abf7564cd3c5c934284f90d85e0919599b6430aa54e34843dbeb4a9df279b667?s=96&d=mm&r=g\",\"url\":\"https:\\\/\\\/secure.gravatar.com\\\/avatar\\\/abf7564cd3c5c934284f90d85e0919599b6430aa54e34843dbeb4a9df279b667?s=96&d=mm&r=g\",\"contentUrl\":\"https:\\\/\\\/secure.gravatar.com\\\/avatar\\\/abf7564cd3c5c934284f90d85e0919599b6430aa54e34843dbeb4a9df279b667?s=96&d=mm&r=g\",\"caption\":\"BmfAdmin\"},\"sameAs\":[\"https:\\\/\\\/bmf-fvm.org\"]}]}<\/script>\n<!-- \/ Yoast SEO plugin. -->","yoast_head_json":{"title":"Eskalada Ogo\u00f1on - Bizkaiko Mendizale Federazioa","robots":{"index":"index","follow":"follow","max-snippet":"max-snippet:-1","max-image-preview":"max-image-preview:large","max-video-preview":"max-video-preview:-1"},"canonical":"https:\/\/bmf-fvm.org\/eu\/eskalada-ogonon\/","og_locale":"en_US","og_type":"article","og_title":"Eskalada Ogo\u00f1on - Bizkaiko Mendizale Federazioa","og_description":"LARRIALDIKO IKUSKAPENA! Kaio Kume bidea lehen aldiz ikuskatu ondoren, badirudi hirugarren ainguraketa horren barne-korrosio kasu puntual bat dela. Ainguraketak eskuz&hellip;","og_url":"https:\/\/bmf-fvm.org\/eu\/eskalada-ogonon\/","og_site_name":"Bizkaiko Mendizale Federazioa","article_publisher":"https:\/\/facebook.com\/pages\/Bmf-Fvm\/597553177057267","article_published_time":"2021-10-04T13:29:44+00:00","og_image":[{"width":1024,"height":1365,"url":"https:\/\/bmf-fvm.org\/wp-content\/uploads\/2021\/10\/ogono-3.jpg","type":"image\/jpeg"}],"author":"BmfAdmin","twitter_card":"summary_large_image","twitter_misc":{"Written by":"BmfAdmin","Est. reading time":"1 minutua"},"schema":{"@context":"https:\/\/schema.org","@graph":[{"@type":"Article","@id":"https:\/\/bmf-fvm.org\/eu\/eskalada-ogonon\/#article","isPartOf":{"@id":"https:\/\/bmf-fvm.org\/eu\/eskalada-ogonon\/"},"author":{"name":"BmfAdmin","@id":"https:\/\/bmf-fvm.org\/#\/schema\/person\/63359a616f2331b4f1d70cd1c256048b"},"headline":"Eskalada Ogo\u00f1on","datePublished":"2021-10-04T13:29:44+00:00","mainEntityOfPage":{"@id":"https:\/\/bmf-fvm.org\/eu\/eskalada-ogonon\/"},"wordCount":123,"publisher":{"@id":"https:\/\/bmf-fvm.org\/#organization"},"image":{"@id":"https:\/\/bmf-fvm.org\/eu\/eskalada-ogonon\/#primaryimage"},"thumbnailUrl":"https:\/\/bmf-fvm.org\/wp-content\/uploads\/2021\/10\/ogono-3.jpg","articleSection":["Sin categorizar"],"inLanguage":"eu"},{"@type":"WebPage","@id":"https:\/\/bmf-fvm.org\/eu\/eskalada-ogonon\/","url":"https:\/\/bmf-fvm.org\/eu\/eskalada-ogonon\/","name":"Eskalada Ogo\u00f1on - Bizkaiko Mendizale Federazioa","isPartOf":{"@id":"https:\/\/bmf-fvm.org\/#website"},"primaryImageOfPage":{"@id":"https:\/\/bmf-fvm.org\/eu\/eskalada-ogonon\/#primaryimage"},"image":{"@id":"https:\/\/bmf-fvm.org\/eu\/eskalada-ogonon\/#primaryimage"},"thumbnailUrl":"https:\/\/bmf-fvm.org\/wp-content\/uploads\/2021\/10\/ogono-3.jpg","datePublished":"2021-10-04T13:29:44+00:00","breadcrumb":{"@id":"https:\/\/bmf-fvm.org\/eu\/eskalada-ogonon\/#breadcrumb"},"inLanguage":"eu","potentialAction":[{"@type":"ReadAction","target":["https:\/\/bmf-fvm.org\/eu\/eskalada-ogonon\/"]}]},{"@type":"ImageObject","inLanguage":"eu","@id":"https:\/\/bmf-fvm.org\/eu\/eskalada-ogonon\/#primaryimage","url":"https:\/\/bmf-fvm.org\/wp-content\/uploads\/2021\/10\/ogono-3.jpg","contentUrl":"https:\/\/bmf-fvm.org\/wp-content\/uploads\/2021\/10\/ogono-3.jpg","width":1024,"height":1365},{"@type":"BreadcrumbList","@id":"https:\/\/bmf-fvm.org\/eu\/eskalada-ogonon\/#breadcrumb","itemListElement":[{"@type":"ListItem","position":1,"name":"Portada","item":"https:\/\/bmf-fvm.org\/eu\/"},{"@type":"ListItem","position":2,"name":"Eskalada Ogo\u00f1on"}]},{"@type":"WebSite","@id":"https:\/\/bmf-fvm.org\/#website","url":"https:\/\/bmf-fvm.org\/","name":"Bizkaiko Mendizale Federazioa","description":"Bizkaiko Mendizale Federazioa","publisher":{"@id":"https:\/\/bmf-fvm.org\/#organization"},"potentialAction":[{"@type":"SearchAction","target":{"@type":"EntryPoint","urlTemplate":"https:\/\/bmf-fvm.org\/?s={search_term_string}"},"query-input":{"@type":"PropertyValueSpecification","valueRequired":true,"valueName":"search_term_string"}}],"inLanguage":"eu"},{"@type":"Organization","@id":"https:\/\/bmf-fvm.org\/#organization","name":"Federaci\u00f3n Vizca\u00edna de Monta\u00f1a","url":"https:\/\/bmf-fvm.org\/","logo":{"@type":"ImageObject","inLanguage":"eu","@id":"https:\/\/bmf-fvm.org\/#\/schema\/logo\/image\/","url":"https:\/\/bmf-fvm.org\/wp-content\/uploads\/2022\/03\/bmf-logo-trans.png","contentUrl":"https:\/\/bmf-fvm.org\/wp-content\/uploads\/2022\/03\/bmf-logo-trans.png","width":41,"height":61,"caption":"Federaci\u00f3n Vizca\u00edna de Monta\u00f1a"},"image":{"@id":"https:\/\/bmf-fvm.org\/#\/schema\/logo\/image\/"},"sameAs":["https:\/\/facebook.com\/pages\/Bmf-Fvm\/597553177057267"]},{"@type":"Person","@id":"https:\/\/bmf-fvm.org\/#\/schema\/person\/63359a616f2331b4f1d70cd1c256048b","name":"BmfAdmin","image":{"@type":"ImageObject","inLanguage":"eu","@id":"https:\/\/secure.gravatar.com\/avatar\/abf7564cd3c5c934284f90d85e0919599b6430aa54e34843dbeb4a9df279b667?s=96&d=mm&r=g","url":"https:\/\/secure.gravatar.com\/avatar\/abf7564cd3c5c934284f90d85e0919599b6430aa54e34843dbeb4a9df279b667?s=96&d=mm&r=g","contentUrl":"https:\/\/secure.gravatar.com\/avatar\/abf7564cd3c5c934284f90d85e0919599b6430aa54e34843dbeb4a9df279b667?s=96&d=mm&r=g","caption":"BmfAdmin"},"sameAs":["https:\/\/bmf-fvm.org"]}]}},"_links":{"self":[{"href":"https:\/\/bmf-fvm.org\/eu\/wp-json\/wp\/v2\/posts\/70861","targetHints":{"allow":["GET"]}}],"collection":[{"href":"https:\/\/bmf-fvm.org\/eu\/wp-json\/wp\/v2\/posts"}],"about":[{"href":"https:\/\/bmf-fvm.org\/eu\/wp-json\/wp\/v2\/types\/post"}],"author":[{"embeddable":true,"href":"https:\/\/bmf-fvm.org\/eu\/wp-json\/wp\/v2\/users\/1"}],"replies":[{"embeddable":true,"href":"https:\/\/bmf-fvm.org\/eu\/wp-json\/wp\/v2\/comments?post=70861"}],"version-history":[{"count":0,"href":"https:\/\/bmf-fvm.org\/eu\/wp-json\/wp\/v2\/posts\/70861\/revisions"}],"wp:featuredmedia":[{"embeddable":true,"href":"https:\/\/bmf-fvm.org\/eu\/wp-json\/wp\/v2\/media\/70859"}],"wp:attachment":[{"href":"https:\/\/bmf-fvm.org\/eu\/wp-json\/wp\/v2\/media?parent=70861"}],"wp:term":[{"taxonomy":"category","embeddable":true,"href":"https:\/\/bmf-fvm.org\/eu\/wp-json\/wp\/v2\/categories?post=70861"},{"taxonomy":"post_tag","embeddable":true,"href":"https:\/\/bmf-fvm.org\/eu\/wp-json\/wp\/v2\/tags?post=70861"}],"curies":[{"name":"wp","href":"https:\/\/api.w.org\/{rel}","templated":true}]}}