{"id":70632,"date":"2021-03-06T20:51:41","date_gmt":"2021-03-06T19:51:41","guid":{"rendered":"https:\/\/bmf-fvm.org\/mujer\/garbine-okerantzari-emakumea-eta-mendia-egindako-elkarrizketa\/"},"modified":"2022-03-23T15:50:17","modified_gmt":"2022-03-23T14:50:17","slug":"garbine-okerantzari-emakumea-eta-mendia-egindako-elkarrizketa","status":"publish","type":"post","link":"https:\/\/bmf-fvm.org\/eu\/garbine-okerantzari-emakumea-eta-mendia-egindako-elkarrizketa\/","title":{"rendered":"Garbi\u00f1e Okerantza Zuluetari (Emakumea eta Mendia) egindako elkarrizketa"},"content":{"rendered":"<p><img loading=\"lazy\" decoding=\"async\" class=\"size-medium wp-image-70670 alignright\" src=\"https:\/\/bmf-fvm.org\/wp-content\/uploads\/2021\/03\/okerantza-300x263.jpg\" alt=\"\" width=\"300\" height=\"263\" srcset=\"https:\/\/bmf-fvm.org\/wp-content\/uploads\/2021\/03\/okerantza-300x263.jpg 300w, https:\/\/bmf-fvm.org\/wp-content\/uploads\/2021\/03\/okerantza-1024x897.jpg 1024w, https:\/\/bmf-fvm.org\/wp-content\/uploads\/2021\/03\/okerantza-768x673.jpg 768w, https:\/\/bmf-fvm.org\/wp-content\/uploads\/2021\/03\/okerantza-1116x978.jpg 1116w, https:\/\/bmf-fvm.org\/wp-content\/uploads\/2021\/03\/okerantza-806x706.jpg 806w, https:\/\/bmf-fvm.org\/wp-content\/uploads\/2021\/03\/okerantza-558x489.jpg 558w, https:\/\/bmf-fvm.org\/wp-content\/uploads\/2021\/03\/okerantza-655x574.jpg 655w, https:\/\/bmf-fvm.org\/wp-content\/uploads\/2021\/03\/okerantza.jpg 1201w\" sizes=\"auto, (max-width: 300px) 100vw, 300px\" \/>Garbi\u00f1e Okerantza Zulueta Bizkaiko Mendi Federazioko Emakumea eta Mendia batzordeko arduradunari Radio Popular-Herri irratiaren Bizkaia Juega irratsaioan egindako elkarrizketa. Bertan, batzordea sortzeko arrazoiak eta epe labur eta luzerako helburuak azaltzen dizkigu.<\/p>\n<p><iframe id=\"audio_65477285\" style=\"border: 1px solid #EEE; box-sizing: border-box; width: 100%;\" src=\"https:\/\/www.ivoox.com\/player_ej_65477285_4_1.html?c1=ff6600\" height=\"200\" frameborder=\"0\" scrolling=\"no\" allowfullscreen=\"allowfullscreen\"><\/iframe><\/p>\n","protected":false},"excerpt":{"rendered":"<p>Garbi\u00f1e Okerantza Zulueta Bizkaiko Mendi Federazioko Emakumea eta Mendia batzordeko arduradunari Radio Popular-Herri irratiaren Bizkaia Juega irratsaioan egindako elkarrizketa. Bertan,&hellip;<\/p>\n","protected":false},"author":4,"featured_media":70517,"comment_status":"closed","ping_status":"closed","sticky":false,"template":"","format":"standard","meta":{"_acf_changed":false,"footnotes":""},"categories":[35],"tags":[],"class_list":["post-70632","post","type-post","status-publish","format-standard","has-post-thumbnail","hentry","category-uncategorized-eu","seccion-emakume-eta-mendia"],"acf":[],"yoast_head":"<!-- This site is optimized with the Yoast SEO plugin v27.3 - https:\/\/yoast.com\/product\/yoast-seo-wordpress\/ -->\n<title>Garbi\u00f1e Okerantza Zuluetari (Emakumea eta Mendia) egindako elkarrizketa - Bizkaiko Mendizale Federazioa<\/title>\n<meta name=\"robots\" content=\"index, follow, max-snippet:-1, max-image-preview:large, max-video-preview:-1\" \/>\n<link rel=\"canonical\" href=\"https:\/\/bmf-fvm.org\/eu\/garbine-okerantzari-emakumea-eta-mendia-egindako-elkarrizketa\/\" \/>\n<meta property=\"og:locale\" content=\"en_US\" \/>\n<meta property=\"og:type\" content=\"article\" \/>\n<meta property=\"og:title\" content=\"Garbi\u00f1e Okerantza Zuluetari (Emakumea eta Mendia) egindako elkarrizketa - Bizkaiko Mendizale Federazioa\" \/>\n<meta property=\"og:description\" content=\"Garbi\u00f1e Okerantza Zulueta Bizkaiko Mendi Federazioko Emakumea eta Mendia batzordeko arduradunari Radio Popular-Herri irratiaren Bizkaia Juega irratsaioan egindako elkarrizketa. Bertan,&hellip;\" \/>\n<meta property=\"og:url\" content=\"https:\/\/bmf-fvm.org\/eu\/garbine-okerantzari-emakumea-eta-mendia-egindako-elkarrizketa\/\" \/>\n<meta property=\"og:site_name\" content=\"Bizkaiko Mendizale Federazioa\" \/>\n<meta property=\"article:publisher\" content=\"https:\/\/facebook.com\/pages\/Bmf-Fvm\/597553177057267\" \/>\n<meta property=\"article:published_time\" content=\"2021-03-06T19:51:41+00:00\" \/>\n<meta property=\"article:modified_time\" content=\"2022-03-23T14:50:17+00:00\" \/>\n<meta property=\"og:image\" content=\"https:\/\/bmf-fvm.org\/wp-content\/uploads\/2021\/03\/Bizkaia-Juega.jpg\" \/>\n\t<meta property=\"og:image:width\" content=\"1080\" \/>\n\t<meta property=\"og:image:height\" content=\"1080\" \/>\n\t<meta property=\"og:image:type\" content=\"image\/jpeg\" \/>\n<meta name=\"author\" content=\"Garbi\u00f1e\" \/>\n<meta name=\"twitter:card\" content=\"summary_large_image\" \/>\n<meta name=\"twitter:label1\" content=\"Written by\" \/>\n\t<meta name=\"twitter:data1\" content=\"Garbi\u00f1e\" \/>\n<script type=\"application\/ld+json\" class=\"yoast-schema-graph\">{\"@context\":\"https:\\\/\\\/schema.org\",\"@graph\":[{\"@type\":\"Article\",\"@id\":\"https:\\\/\\\/bmf-fvm.org\\\/eu\\\/garbine-okerantzari-emakumea-eta-mendia-egindako-elkarrizketa\\\/#article\",\"isPartOf\":{\"@id\":\"https:\\\/\\\/bmf-fvm.org\\\/eu\\\/garbine-okerantzari-emakumea-eta-mendia-egindako-elkarrizketa\\\/\"},\"author\":{\"name\":\"Garbi\u00f1e\",\"@id\":\"https:\\\/\\\/bmf-fvm.org\\\/#\\\/schema\\\/person\\\/ea0095d8d56b7126abe1dcde2019b922\"},\"headline\":\"Garbi\u00f1e Okerantza Zuluetari (Emakumea eta Mendia) egindako elkarrizketa\",\"datePublished\":\"2021-03-06T19:51:41+00:00\",\"dateModified\":\"2022-03-23T14:50:17+00:00\",\"mainEntityOfPage\":{\"@id\":\"https:\\\/\\\/bmf-fvm.org\\\/eu\\\/garbine-okerantzari-emakumea-eta-mendia-egindako-elkarrizketa\\\/\"},\"wordCount\":41,\"publisher\":{\"@id\":\"https:\\\/\\\/bmf-fvm.org\\\/#organization\"},\"image\":{\"@id\":\"https:\\\/\\\/bmf-fvm.org\\\/eu\\\/garbine-okerantzari-emakumea-eta-mendia-egindako-elkarrizketa\\\/#primaryimage\"},\"thumbnailUrl\":\"https:\\\/\\\/bmf-fvm.org\\\/wp-content\\\/uploads\\\/2021\\\/03\\\/Bizkaia-Juega.jpg\",\"articleSection\":[\"Uncategorized @eu\"],\"inLanguage\":\"eu\"},{\"@type\":\"WebPage\",\"@id\":\"https:\\\/\\\/bmf-fvm.org\\\/eu\\\/garbine-okerantzari-emakumea-eta-mendia-egindako-elkarrizketa\\\/\",\"url\":\"https:\\\/\\\/bmf-fvm.org\\\/eu\\\/garbine-okerantzari-emakumea-eta-mendia-egindako-elkarrizketa\\\/\",\"name\":\"Garbi\u00f1e Okerantza Zuluetari (Emakumea eta Mendia) egindako elkarrizketa - Bizkaiko Mendizale Federazioa\",\"isPartOf\":{\"@id\":\"https:\\\/\\\/bmf-fvm.org\\\/#website\"},\"primaryImageOfPage\":{\"@id\":\"https:\\\/\\\/bmf-fvm.org\\\/eu\\\/garbine-okerantzari-emakumea-eta-mendia-egindako-elkarrizketa\\\/#primaryimage\"},\"image\":{\"@id\":\"https:\\\/\\\/bmf-fvm.org\\\/eu\\\/garbine-okerantzari-emakumea-eta-mendia-egindako-elkarrizketa\\\/#primaryimage\"},\"thumbnailUrl\":\"https:\\\/\\\/bmf-fvm.org\\\/wp-content\\\/uploads\\\/2021\\\/03\\\/Bizkaia-Juega.jpg\",\"datePublished\":\"2021-03-06T19:51:41+00:00\",\"dateModified\":\"2022-03-23T14:50:17+00:00\",\"breadcrumb\":{\"@id\":\"https:\\\/\\\/bmf-fvm.org\\\/eu\\\/garbine-okerantzari-emakumea-eta-mendia-egindako-elkarrizketa\\\/#breadcrumb\"},\"inLanguage\":\"eu\",\"potentialAction\":[{\"@type\":\"ReadAction\",\"target\":[\"https:\\\/\\\/bmf-fvm.org\\\/eu\\\/garbine-okerantzari-emakumea-eta-mendia-egindako-elkarrizketa\\\/\"]}]},{\"@type\":\"ImageObject\",\"inLanguage\":\"eu\",\"@id\":\"https:\\\/\\\/bmf-fvm.org\\\/eu\\\/garbine-okerantzari-emakumea-eta-mendia-egindako-elkarrizketa\\\/#primaryimage\",\"url\":\"https:\\\/\\\/bmf-fvm.org\\\/wp-content\\\/uploads\\\/2021\\\/03\\\/Bizkaia-Juega.jpg\",\"contentUrl\":\"https:\\\/\\\/bmf-fvm.org\\\/wp-content\\\/uploads\\\/2021\\\/03\\\/Bizkaia-Juega.jpg\",\"width\":1080,\"height\":1080},{\"@type\":\"BreadcrumbList\",\"@id\":\"https:\\\/\\\/bmf-fvm.org\\\/eu\\\/garbine-okerantzari-emakumea-eta-mendia-egindako-elkarrizketa\\\/#breadcrumb\",\"itemListElement\":[{\"@type\":\"ListItem\",\"position\":1,\"name\":\"Portada\",\"item\":\"https:\\\/\\\/bmf-fvm.org\\\/eu\\\/\"},{\"@type\":\"ListItem\",\"position\":2,\"name\":\"Garbi\u00f1e Okerantza Zuluetari (Emakumea eta Mendia) egindako elkarrizketa\"}]},{\"@type\":\"WebSite\",\"@id\":\"https:\\\/\\\/bmf-fvm.org\\\/#website\",\"url\":\"https:\\\/\\\/bmf-fvm.org\\\/\",\"name\":\"Bizkaiko Mendizale Federazioa\",\"description\":\"Bizkaiko Mendizale Federazioa\",\"publisher\":{\"@id\":\"https:\\\/\\\/bmf-fvm.org\\\/#organization\"},\"potentialAction\":[{\"@type\":\"SearchAction\",\"target\":{\"@type\":\"EntryPoint\",\"urlTemplate\":\"https:\\\/\\\/bmf-fvm.org\\\/?s={search_term_string}\"},\"query-input\":{\"@type\":\"PropertyValueSpecification\",\"valueRequired\":true,\"valueName\":\"search_term_string\"}}],\"inLanguage\":\"eu\"},{\"@type\":\"Organization\",\"@id\":\"https:\\\/\\\/bmf-fvm.org\\\/#organization\",\"name\":\"Federaci\u00f3n Vizca\u00edna de Monta\u00f1a\",\"url\":\"https:\\\/\\\/bmf-fvm.org\\\/\",\"logo\":{\"@type\":\"ImageObject\",\"inLanguage\":\"eu\",\"@id\":\"https:\\\/\\\/bmf-fvm.org\\\/#\\\/schema\\\/logo\\\/image\\\/\",\"url\":\"https:\\\/\\\/bmf-fvm.org\\\/wp-content\\\/uploads\\\/2022\\\/03\\\/bmf-logo-trans.png\",\"contentUrl\":\"https:\\\/\\\/bmf-fvm.org\\\/wp-content\\\/uploads\\\/2022\\\/03\\\/bmf-logo-trans.png\",\"width\":41,\"height\":61,\"caption\":\"Federaci\u00f3n Vizca\u00edna de Monta\u00f1a\"},\"image\":{\"@id\":\"https:\\\/\\\/bmf-fvm.org\\\/#\\\/schema\\\/logo\\\/image\\\/\"},\"sameAs\":[\"https:\\\/\\\/facebook.com\\\/pages\\\/Bmf-Fvm\\\/597553177057267\"]},{\"@type\":\"Person\",\"@id\":\"https:\\\/\\\/bmf-fvm.org\\\/#\\\/schema\\\/person\\\/ea0095d8d56b7126abe1dcde2019b922\",\"name\":\"Garbi\u00f1e\",\"image\":{\"@type\":\"ImageObject\",\"inLanguage\":\"eu\",\"@id\":\"https:\\\/\\\/secure.gravatar.com\\\/avatar\\\/0dfa99498ba484cdcc62754bec4dfbf40865eb51f67329efb591d006cb221ea9?s=96&d=mm&r=g\",\"url\":\"https:\\\/\\\/secure.gravatar.com\\\/avatar\\\/0dfa99498ba484cdcc62754bec4dfbf40865eb51f67329efb591d006cb221ea9?s=96&d=mm&r=g\",\"contentUrl\":\"https:\\\/\\\/secure.gravatar.com\\\/avatar\\\/0dfa99498ba484cdcc62754bec4dfbf40865eb51f67329efb591d006cb221ea9?s=96&d=mm&r=g\",\"caption\":\"Garbi\u00f1e\"}}]}<\/script>\n<!-- \/ Yoast SEO plugin. -->","yoast_head_json":{"title":"Garbi\u00f1e Okerantza Zuluetari (Emakumea eta Mendia) egindako elkarrizketa - Bizkaiko Mendizale Federazioa","robots":{"index":"index","follow":"follow","max-snippet":"max-snippet:-1","max-image-preview":"max-image-preview:large","max-video-preview":"max-video-preview:-1"},"canonical":"https:\/\/bmf-fvm.org\/eu\/garbine-okerantzari-emakumea-eta-mendia-egindako-elkarrizketa\/","og_locale":"en_US","og_type":"article","og_title":"Garbi\u00f1e Okerantza Zuluetari (Emakumea eta Mendia) egindako elkarrizketa - Bizkaiko Mendizale Federazioa","og_description":"Garbi\u00f1e Okerantza Zulueta Bizkaiko Mendi Federazioko Emakumea eta Mendia batzordeko arduradunari Radio Popular-Herri irratiaren Bizkaia Juega irratsaioan egindako elkarrizketa. Bertan,&hellip;","og_url":"https:\/\/bmf-fvm.org\/eu\/garbine-okerantzari-emakumea-eta-mendia-egindako-elkarrizketa\/","og_site_name":"Bizkaiko Mendizale Federazioa","article_publisher":"https:\/\/facebook.com\/pages\/Bmf-Fvm\/597553177057267","article_published_time":"2021-03-06T19:51:41+00:00","article_modified_time":"2022-03-23T14:50:17+00:00","og_image":[{"width":1080,"height":1080,"url":"https:\/\/bmf-fvm.org\/wp-content\/uploads\/2021\/03\/Bizkaia-Juega.jpg","type":"image\/jpeg"}],"author":"Garbi\u00f1e","twitter_card":"summary_large_image","twitter_misc":{"Written by":"Garbi\u00f1e"},"schema":{"@context":"https:\/\/schema.org","@graph":[{"@type":"Article","@id":"https:\/\/bmf-fvm.org\/eu\/garbine-okerantzari-emakumea-eta-mendia-egindako-elkarrizketa\/#article","isPartOf":{"@id":"https:\/\/bmf-fvm.org\/eu\/garbine-okerantzari-emakumea-eta-mendia-egindako-elkarrizketa\/"},"author":{"name":"Garbi\u00f1e","@id":"https:\/\/bmf-fvm.org\/#\/schema\/person\/ea0095d8d56b7126abe1dcde2019b922"},"headline":"Garbi\u00f1e Okerantza Zuluetari (Emakumea eta Mendia) egindako elkarrizketa","datePublished":"2021-03-06T19:51:41+00:00","dateModified":"2022-03-23T14:50:17+00:00","mainEntityOfPage":{"@id":"https:\/\/bmf-fvm.org\/eu\/garbine-okerantzari-emakumea-eta-mendia-egindako-elkarrizketa\/"},"wordCount":41,"publisher":{"@id":"https:\/\/bmf-fvm.org\/#organization"},"image":{"@id":"https:\/\/bmf-fvm.org\/eu\/garbine-okerantzari-emakumea-eta-mendia-egindako-elkarrizketa\/#primaryimage"},"thumbnailUrl":"https:\/\/bmf-fvm.org\/wp-content\/uploads\/2021\/03\/Bizkaia-Juega.jpg","articleSection":["Uncategorized @eu"],"inLanguage":"eu"},{"@type":"WebPage","@id":"https:\/\/bmf-fvm.org\/eu\/garbine-okerantzari-emakumea-eta-mendia-egindako-elkarrizketa\/","url":"https:\/\/bmf-fvm.org\/eu\/garbine-okerantzari-emakumea-eta-mendia-egindako-elkarrizketa\/","name":"Garbi\u00f1e Okerantza Zuluetari (Emakumea eta Mendia) egindako elkarrizketa - Bizkaiko Mendizale Federazioa","isPartOf":{"@id":"https:\/\/bmf-fvm.org\/#website"},"primaryImageOfPage":{"@id":"https:\/\/bmf-fvm.org\/eu\/garbine-okerantzari-emakumea-eta-mendia-egindako-elkarrizketa\/#primaryimage"},"image":{"@id":"https:\/\/bmf-fvm.org\/eu\/garbine-okerantzari-emakumea-eta-mendia-egindako-elkarrizketa\/#primaryimage"},"thumbnailUrl":"https:\/\/bmf-fvm.org\/wp-content\/uploads\/2021\/03\/Bizkaia-Juega.jpg","datePublished":"2021-03-06T19:51:41+00:00","dateModified":"2022-03-23T14:50:17+00:00","breadcrumb":{"@id":"https:\/\/bmf-fvm.org\/eu\/garbine-okerantzari-emakumea-eta-mendia-egindako-elkarrizketa\/#breadcrumb"},"inLanguage":"eu","potentialAction":[{"@type":"ReadAction","target":["https:\/\/bmf-fvm.org\/eu\/garbine-okerantzari-emakumea-eta-mendia-egindako-elkarrizketa\/"]}]},{"@type":"ImageObject","inLanguage":"eu","@id":"https:\/\/bmf-fvm.org\/eu\/garbine-okerantzari-emakumea-eta-mendia-egindako-elkarrizketa\/#primaryimage","url":"https:\/\/bmf-fvm.org\/wp-content\/uploads\/2021\/03\/Bizkaia-Juega.jpg","contentUrl":"https:\/\/bmf-fvm.org\/wp-content\/uploads\/2021\/03\/Bizkaia-Juega.jpg","width":1080,"height":1080},{"@type":"BreadcrumbList","@id":"https:\/\/bmf-fvm.org\/eu\/garbine-okerantzari-emakumea-eta-mendia-egindako-elkarrizketa\/#breadcrumb","itemListElement":[{"@type":"ListItem","position":1,"name":"Portada","item":"https:\/\/bmf-fvm.org\/eu\/"},{"@type":"ListItem","position":2,"name":"Garbi\u00f1e Okerantza Zuluetari (Emakumea eta Mendia) egindako elkarrizketa"}]},{"@type":"WebSite","@id":"https:\/\/bmf-fvm.org\/#website","url":"https:\/\/bmf-fvm.org\/","name":"Bizkaiko Mendizale Federazioa","description":"Bizkaiko Mendizale Federazioa","publisher":{"@id":"https:\/\/bmf-fvm.org\/#organization"},"potentialAction":[{"@type":"SearchAction","target":{"@type":"EntryPoint","urlTemplate":"https:\/\/bmf-fvm.org\/?s={search_term_string}"},"query-input":{"@type":"PropertyValueSpecification","valueRequired":true,"valueName":"search_term_string"}}],"inLanguage":"eu"},{"@type":"Organization","@id":"https:\/\/bmf-fvm.org\/#organization","name":"Federaci\u00f3n Vizca\u00edna de Monta\u00f1a","url":"https:\/\/bmf-fvm.org\/","logo":{"@type":"ImageObject","inLanguage":"eu","@id":"https:\/\/bmf-fvm.org\/#\/schema\/logo\/image\/","url":"https:\/\/bmf-fvm.org\/wp-content\/uploads\/2022\/03\/bmf-logo-trans.png","contentUrl":"https:\/\/bmf-fvm.org\/wp-content\/uploads\/2022\/03\/bmf-logo-trans.png","width":41,"height":61,"caption":"Federaci\u00f3n Vizca\u00edna de Monta\u00f1a"},"image":{"@id":"https:\/\/bmf-fvm.org\/#\/schema\/logo\/image\/"},"sameAs":["https:\/\/facebook.com\/pages\/Bmf-Fvm\/597553177057267"]},{"@type":"Person","@id":"https:\/\/bmf-fvm.org\/#\/schema\/person\/ea0095d8d56b7126abe1dcde2019b922","name":"Garbi\u00f1e","image":{"@type":"ImageObject","inLanguage":"eu","@id":"https:\/\/secure.gravatar.com\/avatar\/0dfa99498ba484cdcc62754bec4dfbf40865eb51f67329efb591d006cb221ea9?s=96&d=mm&r=g","url":"https:\/\/secure.gravatar.com\/avatar\/0dfa99498ba484cdcc62754bec4dfbf40865eb51f67329efb591d006cb221ea9?s=96&d=mm&r=g","contentUrl":"https:\/\/secure.gravatar.com\/avatar\/0dfa99498ba484cdcc62754bec4dfbf40865eb51f67329efb591d006cb221ea9?s=96&d=mm&r=g","caption":"Garbi\u00f1e"}}]}},"_links":{"self":[{"href":"https:\/\/bmf-fvm.org\/eu\/wp-json\/wp\/v2\/posts\/70632","targetHints":{"allow":["GET"]}}],"collection":[{"href":"https:\/\/bmf-fvm.org\/eu\/wp-json\/wp\/v2\/posts"}],"about":[{"href":"https:\/\/bmf-fvm.org\/eu\/wp-json\/wp\/v2\/types\/post"}],"author":[{"embeddable":true,"href":"https:\/\/bmf-fvm.org\/eu\/wp-json\/wp\/v2\/users\/4"}],"replies":[{"embeddable":true,"href":"https:\/\/bmf-fvm.org\/eu\/wp-json\/wp\/v2\/comments?post=70632"}],"version-history":[{"count":0,"href":"https:\/\/bmf-fvm.org\/eu\/wp-json\/wp\/v2\/posts\/70632\/revisions"}],"wp:featuredmedia":[{"embeddable":true,"href":"https:\/\/bmf-fvm.org\/eu\/wp-json\/wp\/v2\/media\/70517"}],"wp:attachment":[{"href":"https:\/\/bmf-fvm.org\/eu\/wp-json\/wp\/v2\/media?parent=70632"}],"wp:term":[{"taxonomy":"category","embeddable":true,"href":"https:\/\/bmf-fvm.org\/eu\/wp-json\/wp\/v2\/categories?post=70632"},{"taxonomy":"post_tag","embeddable":true,"href":"https:\/\/bmf-fvm.org\/eu\/wp-json\/wp\/v2\/tags?post=70632"}],"curies":[{"name":"wp","href":"https:\/\/api.w.org\/{rel}","templated":true}]}}