{"id":70630,"date":"2021-03-06T21:35:28","date_gmt":"2021-03-06T20:35:28","guid":{"rendered":"https:\/\/bmf-fvm.org\/mujer\/bizkaiko-emakume-eta-mendia-i-topaketa\/"},"modified":"2022-03-23T15:50:16","modified_gmt":"2022-03-23T14:50:16","slug":"bizkaiko-emakume-eta-mendia-i-topaketa","status":"publish","type":"post","link":"https:\/\/bmf-fvm.org\/eu\/bizkaiko-emakume-eta-mendia-i-topaketa\/","title":{"rendered":"Bizkaiko &#8220;Emakumea eta Mendia&#8221; topaketan elkartu ziren Bizkaiko emakumezko mendizaleak"},"content":{"rendered":"<p>Bizkaiko Mendizale Federazioak (BMF-FVM) antolatutako Bizkaiko \u201cEmakumea eta Mendia\u201d I. Topaketak berrogei eta hamar emakume baino gehiago elkartu zituen Zugaztietako ( La Arboleda) aterpetxean. Ekitaldiz beteriko bi egun izan ziren, aire zabalean zein teilatupean , non mendiak eskaintzen dituen arlo ezberdinetan emakumearen papera ezagutarazteko jarduerak burutu ziren. Egonaldi arrakastatsua izan zela esan dezakegu.<\/p>\n<p>Zugaztieta bezalako eremu ederrean, 56 emakumezko mendizale elkartu ziren eta bertan gailurrak egin, elikadura, lehen sorospenak eta luzapenei buruzko informazioa jaso zuten. Era berean, emakumea eta mendizaletasunaren arteko erlazioa hausnartzeko aukera paregabea izan zuten. \u201cMendizaletasunak ere kristalezko sabaia apurtu beharra dauka\u201d ondorioztatu zuten partaideek.<\/p>\n<p><a href=\"https:\/\/bmf-fvm.org\/wp-content\/uploads\/2021\/03\/mujeres-montaneras.jpg\"><img loading=\"lazy\" decoding=\"async\" class=\"alignright wp-image-70667 size-medium\" src=\"https:\/\/bmf-fvm.org\/wp-content\/uploads\/2021\/03\/mujeres-montaneras-300x169.jpg\" alt=\"\" width=\"300\" height=\"169\" srcset=\"https:\/\/bmf-fvm.org\/wp-content\/uploads\/2021\/03\/mujeres-montaneras-300x169.jpg 300w, https:\/\/bmf-fvm.org\/wp-content\/uploads\/2021\/03\/mujeres-montaneras-1024x576.jpg 1024w, https:\/\/bmf-fvm.org\/wp-content\/uploads\/2021\/03\/mujeres-montaneras-768x432.jpg 768w, https:\/\/bmf-fvm.org\/wp-content\/uploads\/2021\/03\/mujeres-montaneras-1116x628.jpg 1116w, https:\/\/bmf-fvm.org\/wp-content\/uploads\/2021\/03\/mujeres-montaneras-806x453.jpg 806w, https:\/\/bmf-fvm.org\/wp-content\/uploads\/2021\/03\/mujeres-montaneras-558x314.jpg 558w, https:\/\/bmf-fvm.org\/wp-content\/uploads\/2021\/03\/mujeres-montaneras-655x368.jpg 655w, https:\/\/bmf-fvm.org\/wp-content\/uploads\/2021\/03\/mujeres-montaneras.jpg 1200w\" sizes=\"auto, (max-width: 300px) 100vw, 300px\" \/><\/a>Egonaldi honek esperientziak elkarbanatzea izan du helburu, baina batez ere emakumeak mendian duen paper aktiboa ikusarazi nahi izan du . Bizkaiko hamaika klubetako emakumezko federatu, mendi klubetako kide ez diren eta federatu gabe dauden emakumezkoekin elkartu dira. Federazioak emakumezko guzti hauei mendiko kirolak praktikatzera eta federatzera animatu nahi ditu.<\/p>\n<p>Bizkaiko Mendizale Federazioak ederki baloratu du topaketa eta eskerrak eman nahi dizkie parte hartu duten emakumezko guztiei. Konbentzituta dago emakumezkoek kirolean emateko asko dutela eta guztion esfortzuarekin, guztiontzako aukera berdinak bermatuz, mendiko jarduera guztietan integrazio osoa burutzea lortuko dela.<\/p>\n","protected":false},"excerpt":{"rendered":"<p>Bizkaiko Mendizale Federazioak (BMF-FVM) antolatutako Bizkaiko \u201cEmakumea eta Mendia\u201d I. Topaketak berrogei eta hamar emakume baino gehiago elkartu zituen Zugaztietako&hellip;<\/p>\n","protected":false},"author":4,"featured_media":70628,"comment_status":"closed","ping_status":"closed","sticky":false,"template":"","format":"standard","meta":{"_acf_changed":false,"footnotes":""},"categories":[35],"tags":[],"class_list":["post-70630","post","type-post","status-publish","format-standard","has-post-thumbnail","hentry","category-uncategorized-eu","seccion-emakume-eta-mendia"],"acf":[],"yoast_head":"<!-- This site is optimized with the Yoast SEO plugin v27.3 - https:\/\/yoast.com\/product\/yoast-seo-wordpress\/ -->\n<title>Bizkaiko &quot;Emakumea eta Mendia&quot; topaketan elkartu ziren Bizkaiko emakumezko mendizaleak - Bizkaiko Mendizale Federazioa<\/title>\n<meta name=\"robots\" content=\"index, follow, max-snippet:-1, max-image-preview:large, max-video-preview:-1\" \/>\n<link rel=\"canonical\" href=\"https:\/\/bmf-fvm.org\/eu\/bizkaiko-emakume-eta-mendia-i-topaketa\/\" \/>\n<meta property=\"og:locale\" content=\"en_US\" \/>\n<meta property=\"og:type\" content=\"article\" \/>\n<meta property=\"og:title\" content=\"Bizkaiko &quot;Emakumea eta Mendia&quot; topaketan elkartu ziren Bizkaiko emakumezko mendizaleak - Bizkaiko Mendizale Federazioa\" \/>\n<meta property=\"og:description\" content=\"Bizkaiko Mendizale Federazioak (BMF-FVM) antolatutako Bizkaiko \u201cEmakumea eta Mendia\u201d I. Topaketak berrogei eta hamar emakume baino gehiago elkartu zituen Zugaztietako&hellip;\" \/>\n<meta property=\"og:url\" content=\"https:\/\/bmf-fvm.org\/eu\/bizkaiko-emakume-eta-mendia-i-topaketa\/\" \/>\n<meta property=\"og:site_name\" content=\"Bizkaiko Mendizale Federazioa\" \/>\n<meta property=\"article:publisher\" content=\"https:\/\/facebook.com\/pages\/Bmf-Fvm\/597553177057267\" \/>\n<meta property=\"article:published_time\" content=\"2021-03-06T20:35:28+00:00\" \/>\n<meta property=\"article:modified_time\" content=\"2022-03-23T14:50:16+00:00\" \/>\n<meta property=\"og:image\" content=\"https:\/\/bmf-fvm.org\/wp-content\/uploads\/2021\/03\/P1220511-scaled-3.jpg\" \/>\n\t<meta property=\"og:image:width\" content=\"2560\" \/>\n\t<meta property=\"og:image:height\" content=\"1144\" \/>\n\t<meta property=\"og:image:type\" content=\"image\/jpeg\" \/>\n<meta name=\"author\" content=\"Garbi\u00f1e\" \/>\n<meta name=\"twitter:card\" content=\"summary_large_image\" \/>\n<meta name=\"twitter:label1\" content=\"Written by\" \/>\n\t<meta name=\"twitter:data1\" content=\"Garbi\u00f1e\" \/>\n\t<meta name=\"twitter:label2\" content=\"Est. reading time\" \/>\n\t<meta name=\"twitter:data2\" content=\"1 minutua\" \/>\n<script type=\"application\/ld+json\" class=\"yoast-schema-graph\">{\"@context\":\"https:\\\/\\\/schema.org\",\"@graph\":[{\"@type\":\"Article\",\"@id\":\"https:\\\/\\\/bmf-fvm.org\\\/eu\\\/bizkaiko-emakume-eta-mendia-i-topaketa\\\/#article\",\"isPartOf\":{\"@id\":\"https:\\\/\\\/bmf-fvm.org\\\/eu\\\/bizkaiko-emakume-eta-mendia-i-topaketa\\\/\"},\"author\":{\"name\":\"Garbi\u00f1e\",\"@id\":\"https:\\\/\\\/bmf-fvm.org\\\/#\\\/schema\\\/person\\\/ea0095d8d56b7126abe1dcde2019b922\"},\"headline\":\"Bizkaiko &#8220;Emakumea eta Mendia&#8221; topaketan elkartu ziren Bizkaiko emakumezko mendizaleak\",\"datePublished\":\"2021-03-06T20:35:28+00:00\",\"dateModified\":\"2022-03-23T14:50:16+00:00\",\"mainEntityOfPage\":{\"@id\":\"https:\\\/\\\/bmf-fvm.org\\\/eu\\\/bizkaiko-emakume-eta-mendia-i-topaketa\\\/\"},\"wordCount\":191,\"publisher\":{\"@id\":\"https:\\\/\\\/bmf-fvm.org\\\/#organization\"},\"image\":{\"@id\":\"https:\\\/\\\/bmf-fvm.org\\\/eu\\\/bizkaiko-emakume-eta-mendia-i-topaketa\\\/#primaryimage\"},\"thumbnailUrl\":\"https:\\\/\\\/bmf-fvm.org\\\/wp-content\\\/uploads\\\/2021\\\/03\\\/P1220511-scaled-3.jpg\",\"articleSection\":[\"Uncategorized @eu\"],\"inLanguage\":\"eu\"},{\"@type\":\"WebPage\",\"@id\":\"https:\\\/\\\/bmf-fvm.org\\\/eu\\\/bizkaiko-emakume-eta-mendia-i-topaketa\\\/\",\"url\":\"https:\\\/\\\/bmf-fvm.org\\\/eu\\\/bizkaiko-emakume-eta-mendia-i-topaketa\\\/\",\"name\":\"Bizkaiko \\\"Emakumea eta Mendia\\\" topaketan elkartu ziren Bizkaiko emakumezko mendizaleak - Bizkaiko Mendizale Federazioa\",\"isPartOf\":{\"@id\":\"https:\\\/\\\/bmf-fvm.org\\\/#website\"},\"primaryImageOfPage\":{\"@id\":\"https:\\\/\\\/bmf-fvm.org\\\/eu\\\/bizkaiko-emakume-eta-mendia-i-topaketa\\\/#primaryimage\"},\"image\":{\"@id\":\"https:\\\/\\\/bmf-fvm.org\\\/eu\\\/bizkaiko-emakume-eta-mendia-i-topaketa\\\/#primaryimage\"},\"thumbnailUrl\":\"https:\\\/\\\/bmf-fvm.org\\\/wp-content\\\/uploads\\\/2021\\\/03\\\/P1220511-scaled-3.jpg\",\"datePublished\":\"2021-03-06T20:35:28+00:00\",\"dateModified\":\"2022-03-23T14:50:16+00:00\",\"breadcrumb\":{\"@id\":\"https:\\\/\\\/bmf-fvm.org\\\/eu\\\/bizkaiko-emakume-eta-mendia-i-topaketa\\\/#breadcrumb\"},\"inLanguage\":\"eu\",\"potentialAction\":[{\"@type\":\"ReadAction\",\"target\":[\"https:\\\/\\\/bmf-fvm.org\\\/eu\\\/bizkaiko-emakume-eta-mendia-i-topaketa\\\/\"]}]},{\"@type\":\"ImageObject\",\"inLanguage\":\"eu\",\"@id\":\"https:\\\/\\\/bmf-fvm.org\\\/eu\\\/bizkaiko-emakume-eta-mendia-i-topaketa\\\/#primaryimage\",\"url\":\"https:\\\/\\\/bmf-fvm.org\\\/wp-content\\\/uploads\\\/2021\\\/03\\\/P1220511-scaled-3.jpg\",\"contentUrl\":\"https:\\\/\\\/bmf-fvm.org\\\/wp-content\\\/uploads\\\/2021\\\/03\\\/P1220511-scaled-3.jpg\",\"width\":2560,\"height\":1144},{\"@type\":\"BreadcrumbList\",\"@id\":\"https:\\\/\\\/bmf-fvm.org\\\/eu\\\/bizkaiko-emakume-eta-mendia-i-topaketa\\\/#breadcrumb\",\"itemListElement\":[{\"@type\":\"ListItem\",\"position\":1,\"name\":\"Portada\",\"item\":\"https:\\\/\\\/bmf-fvm.org\\\/eu\\\/\"},{\"@type\":\"ListItem\",\"position\":2,\"name\":\"Bizkaiko &#8220;Emakumea eta Mendia&#8221; topaketan elkartu ziren Bizkaiko emakumezko mendizaleak\"}]},{\"@type\":\"WebSite\",\"@id\":\"https:\\\/\\\/bmf-fvm.org\\\/#website\",\"url\":\"https:\\\/\\\/bmf-fvm.org\\\/\",\"name\":\"Bizkaiko Mendizale Federazioa\",\"description\":\"Bizkaiko Mendizale Federazioa\",\"publisher\":{\"@id\":\"https:\\\/\\\/bmf-fvm.org\\\/#organization\"},\"potentialAction\":[{\"@type\":\"SearchAction\",\"target\":{\"@type\":\"EntryPoint\",\"urlTemplate\":\"https:\\\/\\\/bmf-fvm.org\\\/?s={search_term_string}\"},\"query-input\":{\"@type\":\"PropertyValueSpecification\",\"valueRequired\":true,\"valueName\":\"search_term_string\"}}],\"inLanguage\":\"eu\"},{\"@type\":\"Organization\",\"@id\":\"https:\\\/\\\/bmf-fvm.org\\\/#organization\",\"name\":\"Federaci\u00f3n Vizca\u00edna de Monta\u00f1a\",\"url\":\"https:\\\/\\\/bmf-fvm.org\\\/\",\"logo\":{\"@type\":\"ImageObject\",\"inLanguage\":\"eu\",\"@id\":\"https:\\\/\\\/bmf-fvm.org\\\/#\\\/schema\\\/logo\\\/image\\\/\",\"url\":\"https:\\\/\\\/bmf-fvm.org\\\/wp-content\\\/uploads\\\/2022\\\/03\\\/bmf-logo-trans.png\",\"contentUrl\":\"https:\\\/\\\/bmf-fvm.org\\\/wp-content\\\/uploads\\\/2022\\\/03\\\/bmf-logo-trans.png\",\"width\":41,\"height\":61,\"caption\":\"Federaci\u00f3n Vizca\u00edna de Monta\u00f1a\"},\"image\":{\"@id\":\"https:\\\/\\\/bmf-fvm.org\\\/#\\\/schema\\\/logo\\\/image\\\/\"},\"sameAs\":[\"https:\\\/\\\/facebook.com\\\/pages\\\/Bmf-Fvm\\\/597553177057267\"]},{\"@type\":\"Person\",\"@id\":\"https:\\\/\\\/bmf-fvm.org\\\/#\\\/schema\\\/person\\\/ea0095d8d56b7126abe1dcde2019b922\",\"name\":\"Garbi\u00f1e\",\"image\":{\"@type\":\"ImageObject\",\"inLanguage\":\"eu\",\"@id\":\"https:\\\/\\\/secure.gravatar.com\\\/avatar\\\/0dfa99498ba484cdcc62754bec4dfbf40865eb51f67329efb591d006cb221ea9?s=96&d=mm&r=g\",\"url\":\"https:\\\/\\\/secure.gravatar.com\\\/avatar\\\/0dfa99498ba484cdcc62754bec4dfbf40865eb51f67329efb591d006cb221ea9?s=96&d=mm&r=g\",\"contentUrl\":\"https:\\\/\\\/secure.gravatar.com\\\/avatar\\\/0dfa99498ba484cdcc62754bec4dfbf40865eb51f67329efb591d006cb221ea9?s=96&d=mm&r=g\",\"caption\":\"Garbi\u00f1e\"}}]}<\/script>\n<!-- \/ Yoast SEO plugin. -->","yoast_head_json":{"title":"Bizkaiko \"Emakumea eta Mendia\" topaketan elkartu ziren Bizkaiko emakumezko mendizaleak - Bizkaiko Mendizale Federazioa","robots":{"index":"index","follow":"follow","max-snippet":"max-snippet:-1","max-image-preview":"max-image-preview:large","max-video-preview":"max-video-preview:-1"},"canonical":"https:\/\/bmf-fvm.org\/eu\/bizkaiko-emakume-eta-mendia-i-topaketa\/","og_locale":"en_US","og_type":"article","og_title":"Bizkaiko \"Emakumea eta Mendia\" topaketan elkartu ziren Bizkaiko emakumezko mendizaleak - Bizkaiko Mendizale Federazioa","og_description":"Bizkaiko Mendizale Federazioak (BMF-FVM) antolatutako Bizkaiko \u201cEmakumea eta Mendia\u201d I. Topaketak berrogei eta hamar emakume baino gehiago elkartu zituen Zugaztietako&hellip;","og_url":"https:\/\/bmf-fvm.org\/eu\/bizkaiko-emakume-eta-mendia-i-topaketa\/","og_site_name":"Bizkaiko Mendizale Federazioa","article_publisher":"https:\/\/facebook.com\/pages\/Bmf-Fvm\/597553177057267","article_published_time":"2021-03-06T20:35:28+00:00","article_modified_time":"2022-03-23T14:50:16+00:00","og_image":[{"width":2560,"height":1144,"url":"https:\/\/bmf-fvm.org\/wp-content\/uploads\/2021\/03\/P1220511-scaled-3.jpg","type":"image\/jpeg"}],"author":"Garbi\u00f1e","twitter_card":"summary_large_image","twitter_misc":{"Written by":"Garbi\u00f1e","Est. reading time":"1 minutua"},"schema":{"@context":"https:\/\/schema.org","@graph":[{"@type":"Article","@id":"https:\/\/bmf-fvm.org\/eu\/bizkaiko-emakume-eta-mendia-i-topaketa\/#article","isPartOf":{"@id":"https:\/\/bmf-fvm.org\/eu\/bizkaiko-emakume-eta-mendia-i-topaketa\/"},"author":{"name":"Garbi\u00f1e","@id":"https:\/\/bmf-fvm.org\/#\/schema\/person\/ea0095d8d56b7126abe1dcde2019b922"},"headline":"Bizkaiko &#8220;Emakumea eta Mendia&#8221; topaketan elkartu ziren Bizkaiko emakumezko mendizaleak","datePublished":"2021-03-06T20:35:28+00:00","dateModified":"2022-03-23T14:50:16+00:00","mainEntityOfPage":{"@id":"https:\/\/bmf-fvm.org\/eu\/bizkaiko-emakume-eta-mendia-i-topaketa\/"},"wordCount":191,"publisher":{"@id":"https:\/\/bmf-fvm.org\/#organization"},"image":{"@id":"https:\/\/bmf-fvm.org\/eu\/bizkaiko-emakume-eta-mendia-i-topaketa\/#primaryimage"},"thumbnailUrl":"https:\/\/bmf-fvm.org\/wp-content\/uploads\/2021\/03\/P1220511-scaled-3.jpg","articleSection":["Uncategorized @eu"],"inLanguage":"eu"},{"@type":"WebPage","@id":"https:\/\/bmf-fvm.org\/eu\/bizkaiko-emakume-eta-mendia-i-topaketa\/","url":"https:\/\/bmf-fvm.org\/eu\/bizkaiko-emakume-eta-mendia-i-topaketa\/","name":"Bizkaiko \"Emakumea eta Mendia\" topaketan elkartu ziren Bizkaiko emakumezko mendizaleak - Bizkaiko Mendizale Federazioa","isPartOf":{"@id":"https:\/\/bmf-fvm.org\/#website"},"primaryImageOfPage":{"@id":"https:\/\/bmf-fvm.org\/eu\/bizkaiko-emakume-eta-mendia-i-topaketa\/#primaryimage"},"image":{"@id":"https:\/\/bmf-fvm.org\/eu\/bizkaiko-emakume-eta-mendia-i-topaketa\/#primaryimage"},"thumbnailUrl":"https:\/\/bmf-fvm.org\/wp-content\/uploads\/2021\/03\/P1220511-scaled-3.jpg","datePublished":"2021-03-06T20:35:28+00:00","dateModified":"2022-03-23T14:50:16+00:00","breadcrumb":{"@id":"https:\/\/bmf-fvm.org\/eu\/bizkaiko-emakume-eta-mendia-i-topaketa\/#breadcrumb"},"inLanguage":"eu","potentialAction":[{"@type":"ReadAction","target":["https:\/\/bmf-fvm.org\/eu\/bizkaiko-emakume-eta-mendia-i-topaketa\/"]}]},{"@type":"ImageObject","inLanguage":"eu","@id":"https:\/\/bmf-fvm.org\/eu\/bizkaiko-emakume-eta-mendia-i-topaketa\/#primaryimage","url":"https:\/\/bmf-fvm.org\/wp-content\/uploads\/2021\/03\/P1220511-scaled-3.jpg","contentUrl":"https:\/\/bmf-fvm.org\/wp-content\/uploads\/2021\/03\/P1220511-scaled-3.jpg","width":2560,"height":1144},{"@type":"BreadcrumbList","@id":"https:\/\/bmf-fvm.org\/eu\/bizkaiko-emakume-eta-mendia-i-topaketa\/#breadcrumb","itemListElement":[{"@type":"ListItem","position":1,"name":"Portada","item":"https:\/\/bmf-fvm.org\/eu\/"},{"@type":"ListItem","position":2,"name":"Bizkaiko &#8220;Emakumea eta Mendia&#8221; topaketan elkartu ziren Bizkaiko emakumezko mendizaleak"}]},{"@type":"WebSite","@id":"https:\/\/bmf-fvm.org\/#website","url":"https:\/\/bmf-fvm.org\/","name":"Bizkaiko Mendizale Federazioa","description":"Bizkaiko Mendizale Federazioa","publisher":{"@id":"https:\/\/bmf-fvm.org\/#organization"},"potentialAction":[{"@type":"SearchAction","target":{"@type":"EntryPoint","urlTemplate":"https:\/\/bmf-fvm.org\/?s={search_term_string}"},"query-input":{"@type":"PropertyValueSpecification","valueRequired":true,"valueName":"search_term_string"}}],"inLanguage":"eu"},{"@type":"Organization","@id":"https:\/\/bmf-fvm.org\/#organization","name":"Federaci\u00f3n Vizca\u00edna de Monta\u00f1a","url":"https:\/\/bmf-fvm.org\/","logo":{"@type":"ImageObject","inLanguage":"eu","@id":"https:\/\/bmf-fvm.org\/#\/schema\/logo\/image\/","url":"https:\/\/bmf-fvm.org\/wp-content\/uploads\/2022\/03\/bmf-logo-trans.png","contentUrl":"https:\/\/bmf-fvm.org\/wp-content\/uploads\/2022\/03\/bmf-logo-trans.png","width":41,"height":61,"caption":"Federaci\u00f3n Vizca\u00edna de Monta\u00f1a"},"image":{"@id":"https:\/\/bmf-fvm.org\/#\/schema\/logo\/image\/"},"sameAs":["https:\/\/facebook.com\/pages\/Bmf-Fvm\/597553177057267"]},{"@type":"Person","@id":"https:\/\/bmf-fvm.org\/#\/schema\/person\/ea0095d8d56b7126abe1dcde2019b922","name":"Garbi\u00f1e","image":{"@type":"ImageObject","inLanguage":"eu","@id":"https:\/\/secure.gravatar.com\/avatar\/0dfa99498ba484cdcc62754bec4dfbf40865eb51f67329efb591d006cb221ea9?s=96&d=mm&r=g","url":"https:\/\/secure.gravatar.com\/avatar\/0dfa99498ba484cdcc62754bec4dfbf40865eb51f67329efb591d006cb221ea9?s=96&d=mm&r=g","contentUrl":"https:\/\/secure.gravatar.com\/avatar\/0dfa99498ba484cdcc62754bec4dfbf40865eb51f67329efb591d006cb221ea9?s=96&d=mm&r=g","caption":"Garbi\u00f1e"}}]}},"_links":{"self":[{"href":"https:\/\/bmf-fvm.org\/eu\/wp-json\/wp\/v2\/posts\/70630","targetHints":{"allow":["GET"]}}],"collection":[{"href":"https:\/\/bmf-fvm.org\/eu\/wp-json\/wp\/v2\/posts"}],"about":[{"href":"https:\/\/bmf-fvm.org\/eu\/wp-json\/wp\/v2\/types\/post"}],"author":[{"embeddable":true,"href":"https:\/\/bmf-fvm.org\/eu\/wp-json\/wp\/v2\/users\/4"}],"replies":[{"embeddable":true,"href":"https:\/\/bmf-fvm.org\/eu\/wp-json\/wp\/v2\/comments?post=70630"}],"version-history":[{"count":0,"href":"https:\/\/bmf-fvm.org\/eu\/wp-json\/wp\/v2\/posts\/70630\/revisions"}],"wp:featuredmedia":[{"embeddable":true,"href":"https:\/\/bmf-fvm.org\/eu\/wp-json\/wp\/v2\/media\/70628"}],"wp:attachment":[{"href":"https:\/\/bmf-fvm.org\/eu\/wp-json\/wp\/v2\/media?parent=70630"}],"wp:term":[{"taxonomy":"category","embeddable":true,"href":"https:\/\/bmf-fvm.org\/eu\/wp-json\/wp\/v2\/categories?post=70630"},{"taxonomy":"post_tag","embeddable":true,"href":"https:\/\/bmf-fvm.org\/eu\/wp-json\/wp\/v2\/tags?post=70630"}],"curies":[{"name":"wp","href":"https:\/\/api.w.org\/{rel}","templated":true}]}}