{"id":70626,"date":"2021-03-08T06:29:57","date_gmt":"2021-03-08T05:29:57","guid":{"rendered":"https:\/\/bmf-fvm.org\/mujer\/emakumendi-emakume-mendizaleen-ahotsa\/"},"modified":"2022-03-23T15:50:16","modified_gmt":"2022-03-23T14:50:16","slug":"emakumendi-emakume-mendizaleen-ahotsa","status":"publish","type":"post","link":"https:\/\/bmf-fvm.org\/eu\/emakumendi-emakume-mendizaleen-ahotsa\/","title":{"rendered":"EMAKUMENDI \u201cEMAKUME MENDIZALEEN AHOTSA\u201d"},"content":{"rendered":"<p><img loading=\"lazy\" decoding=\"async\" class=\"size-medium wp-image-67559 alignright\" src=\"https:\/\/bmf-fvm.org\/wp-content\/uploads\/2021\/03\/12-mujeres-300x300.png\" alt=\"\" width=\"300\" height=\"300\" \/>BMF-FVKko <strong>Emakume eta Mendi batzordeak<\/strong>, <strong>EmakuMendi<\/strong> proiektuaren bidez agerian jarri eta balioetsi nahi ditu mendia hainbat esparrutatik bizi duten emakume bizkaitarren ahalegina, dedikazioa eta gainditzeko espiritua, hala nola klubetako presidenteak, bidezidorretako teknikariak, mendiko lasterketetako arbitroak edo kirolariak.<\/p>\n<p>Hori guztia dela eta, 12 hilabeteetan bideo bat zabalduko dugu gure lurraldeko emakume bat ezagutzeko.<\/p>\n<p>Proiektu honetan parte hartuko dute inspiratzen gaituzten, motibatzen gaituzten, erronkak planteatzen dituzten emakumeak, mendiak bezain handiak diren eta gure komunitateak ezagutu behar dituen emakumeak.<\/p>\n<p><strong>Bideoak<\/strong>:<\/p>\n<p><a href=\"https:\/\/vimeo.com\/514850339\">Ana Sesumaga<\/a>, bidezidorren teknikaria<\/p>\n<p><a href=\"https:\/\/vimeo.com\/531716557\">Ainhize Belar<\/a>, eskalatzailea<\/p>\n","protected":false},"excerpt":{"rendered":"<p>BMF-FVKko Emakume eta Mendi batzordeak, EmakuMendi proiektuaren bidez agerian jarri eta balioetsi nahi ditu mendia hainbat esparrutatik bizi duten emakume&hellip;<\/p>\n","protected":false},"author":4,"featured_media":70509,"comment_status":"closed","ping_status":"closed","sticky":false,"template":"","format":"standard","meta":{"_acf_changed":false,"footnotes":""},"categories":[35],"tags":[],"class_list":["post-70626","post","type-post","status-publish","format-standard","has-post-thumbnail","hentry","category-uncategorized-eu","seccion-emakume-eta-mendia"],"acf":[],"yoast_head":"<!-- This site is optimized with the Yoast SEO plugin v27.3 - https:\/\/yoast.com\/product\/yoast-seo-wordpress\/ -->\n<title>EMAKUMENDI \u201cEMAKUME MENDIZALEEN AHOTSA\u201d - Bizkaiko Mendizale Federazioa<\/title>\n<meta name=\"robots\" content=\"index, follow, max-snippet:-1, max-image-preview:large, max-video-preview:-1\" \/>\n<link rel=\"canonical\" href=\"https:\/\/bmf-fvm.org\/eu\/emakumendi-emakume-mendizaleen-ahotsa\/\" \/>\n<meta property=\"og:locale\" content=\"en_US\" \/>\n<meta property=\"og:type\" content=\"article\" \/>\n<meta property=\"og:title\" content=\"EMAKUMENDI \u201cEMAKUME MENDIZALEEN AHOTSA\u201d - Bizkaiko Mendizale Federazioa\" \/>\n<meta property=\"og:description\" content=\"BMF-FVKko Emakume eta Mendi batzordeak, EmakuMendi proiektuaren bidez agerian jarri eta balioetsi nahi ditu mendia hainbat esparrutatik bizi duten emakume&hellip;\" \/>\n<meta property=\"og:url\" content=\"https:\/\/bmf-fvm.org\/eu\/emakumendi-emakume-mendizaleen-ahotsa\/\" \/>\n<meta property=\"og:site_name\" content=\"Bizkaiko Mendizale Federazioa\" \/>\n<meta property=\"article:publisher\" content=\"https:\/\/facebook.com\/pages\/Bmf-Fvm\/597553177057267\" \/>\n<meta property=\"article:published_time\" content=\"2021-03-08T05:29:57+00:00\" \/>\n<meta property=\"article:modified_time\" content=\"2022-03-23T14:50:16+00:00\" \/>\n<meta property=\"og:image\" content=\"https:\/\/bmf-fvm.org\/wp-content\/uploads\/2021\/03\/12-mujeres.png\" \/>\n\t<meta property=\"og:image:width\" content=\"1080\" \/>\n\t<meta property=\"og:image:height\" content=\"1080\" \/>\n\t<meta property=\"og:image:type\" content=\"image\/png\" \/>\n<meta name=\"author\" content=\"Garbi\u00f1e\" \/>\n<meta name=\"twitter:card\" content=\"summary_large_image\" \/>\n<meta name=\"twitter:label1\" content=\"Written by\" \/>\n\t<meta name=\"twitter:data1\" content=\"Garbi\u00f1e\" \/>\n<script type=\"application\/ld+json\" class=\"yoast-schema-graph\">{\"@context\":\"https:\\\/\\\/schema.org\",\"@graph\":[{\"@type\":\"Article\",\"@id\":\"https:\\\/\\\/bmf-fvm.org\\\/eu\\\/emakumendi-emakume-mendizaleen-ahotsa\\\/#article\",\"isPartOf\":{\"@id\":\"https:\\\/\\\/bmf-fvm.org\\\/eu\\\/emakumendi-emakume-mendizaleen-ahotsa\\\/\"},\"author\":{\"name\":\"Garbi\u00f1e\",\"@id\":\"https:\\\/\\\/bmf-fvm.org\\\/#\\\/schema\\\/person\\\/ea0095d8d56b7126abe1dcde2019b922\"},\"headline\":\"EMAKUMENDI \u201cEMAKUME MENDIZALEEN AHOTSA\u201d\",\"datePublished\":\"2021-03-08T05:29:57+00:00\",\"dateModified\":\"2022-03-23T14:50:16+00:00\",\"mainEntityOfPage\":{\"@id\":\"https:\\\/\\\/bmf-fvm.org\\\/eu\\\/emakumendi-emakume-mendizaleen-ahotsa\\\/\"},\"wordCount\":87,\"publisher\":{\"@id\":\"https:\\\/\\\/bmf-fvm.org\\\/#organization\"},\"image\":{\"@id\":\"https:\\\/\\\/bmf-fvm.org\\\/eu\\\/emakumendi-emakume-mendizaleen-ahotsa\\\/#primaryimage\"},\"thumbnailUrl\":\"https:\\\/\\\/bmf-fvm.org\\\/wp-content\\\/uploads\\\/2021\\\/03\\\/12-mujeres.png\",\"articleSection\":[\"Uncategorized @eu\"],\"inLanguage\":\"eu\"},{\"@type\":\"WebPage\",\"@id\":\"https:\\\/\\\/bmf-fvm.org\\\/eu\\\/emakumendi-emakume-mendizaleen-ahotsa\\\/\",\"url\":\"https:\\\/\\\/bmf-fvm.org\\\/eu\\\/emakumendi-emakume-mendizaleen-ahotsa\\\/\",\"name\":\"EMAKUMENDI \u201cEMAKUME MENDIZALEEN AHOTSA\u201d - Bizkaiko Mendizale Federazioa\",\"isPartOf\":{\"@id\":\"https:\\\/\\\/bmf-fvm.org\\\/#website\"},\"primaryImageOfPage\":{\"@id\":\"https:\\\/\\\/bmf-fvm.org\\\/eu\\\/emakumendi-emakume-mendizaleen-ahotsa\\\/#primaryimage\"},\"image\":{\"@id\":\"https:\\\/\\\/bmf-fvm.org\\\/eu\\\/emakumendi-emakume-mendizaleen-ahotsa\\\/#primaryimage\"},\"thumbnailUrl\":\"https:\\\/\\\/bmf-fvm.org\\\/wp-content\\\/uploads\\\/2021\\\/03\\\/12-mujeres.png\",\"datePublished\":\"2021-03-08T05:29:57+00:00\",\"dateModified\":\"2022-03-23T14:50:16+00:00\",\"breadcrumb\":{\"@id\":\"https:\\\/\\\/bmf-fvm.org\\\/eu\\\/emakumendi-emakume-mendizaleen-ahotsa\\\/#breadcrumb\"},\"inLanguage\":\"eu\",\"potentialAction\":[{\"@type\":\"ReadAction\",\"target\":[\"https:\\\/\\\/bmf-fvm.org\\\/eu\\\/emakumendi-emakume-mendizaleen-ahotsa\\\/\"]}]},{\"@type\":\"ImageObject\",\"inLanguage\":\"eu\",\"@id\":\"https:\\\/\\\/bmf-fvm.org\\\/eu\\\/emakumendi-emakume-mendizaleen-ahotsa\\\/#primaryimage\",\"url\":\"https:\\\/\\\/bmf-fvm.org\\\/wp-content\\\/uploads\\\/2021\\\/03\\\/12-mujeres.png\",\"contentUrl\":\"https:\\\/\\\/bmf-fvm.org\\\/wp-content\\\/uploads\\\/2021\\\/03\\\/12-mujeres.png\",\"width\":1080,\"height\":1080},{\"@type\":\"BreadcrumbList\",\"@id\":\"https:\\\/\\\/bmf-fvm.org\\\/eu\\\/emakumendi-emakume-mendizaleen-ahotsa\\\/#breadcrumb\",\"itemListElement\":[{\"@type\":\"ListItem\",\"position\":1,\"name\":\"Portada\",\"item\":\"https:\\\/\\\/bmf-fvm.org\\\/eu\\\/\"},{\"@type\":\"ListItem\",\"position\":2,\"name\":\"EMAKUMENDI \u201cEMAKUME MENDIZALEEN AHOTSA\u201d\"}]},{\"@type\":\"WebSite\",\"@id\":\"https:\\\/\\\/bmf-fvm.org\\\/#website\",\"url\":\"https:\\\/\\\/bmf-fvm.org\\\/\",\"name\":\"Bizkaiko Mendizale Federazioa\",\"description\":\"Bizkaiko Mendizale Federazioa\",\"publisher\":{\"@id\":\"https:\\\/\\\/bmf-fvm.org\\\/#organization\"},\"potentialAction\":[{\"@type\":\"SearchAction\",\"target\":{\"@type\":\"EntryPoint\",\"urlTemplate\":\"https:\\\/\\\/bmf-fvm.org\\\/?s={search_term_string}\"},\"query-input\":{\"@type\":\"PropertyValueSpecification\",\"valueRequired\":true,\"valueName\":\"search_term_string\"}}],\"inLanguage\":\"eu\"},{\"@type\":\"Organization\",\"@id\":\"https:\\\/\\\/bmf-fvm.org\\\/#organization\",\"name\":\"Federaci\u00f3n Vizca\u00edna de Monta\u00f1a\",\"url\":\"https:\\\/\\\/bmf-fvm.org\\\/\",\"logo\":{\"@type\":\"ImageObject\",\"inLanguage\":\"eu\",\"@id\":\"https:\\\/\\\/bmf-fvm.org\\\/#\\\/schema\\\/logo\\\/image\\\/\",\"url\":\"https:\\\/\\\/bmf-fvm.org\\\/wp-content\\\/uploads\\\/2022\\\/03\\\/bmf-logo-trans.png\",\"contentUrl\":\"https:\\\/\\\/bmf-fvm.org\\\/wp-content\\\/uploads\\\/2022\\\/03\\\/bmf-logo-trans.png\",\"width\":41,\"height\":61,\"caption\":\"Federaci\u00f3n Vizca\u00edna de Monta\u00f1a\"},\"image\":{\"@id\":\"https:\\\/\\\/bmf-fvm.org\\\/#\\\/schema\\\/logo\\\/image\\\/\"},\"sameAs\":[\"https:\\\/\\\/facebook.com\\\/pages\\\/Bmf-Fvm\\\/597553177057267\"]},{\"@type\":\"Person\",\"@id\":\"https:\\\/\\\/bmf-fvm.org\\\/#\\\/schema\\\/person\\\/ea0095d8d56b7126abe1dcde2019b922\",\"name\":\"Garbi\u00f1e\",\"image\":{\"@type\":\"ImageObject\",\"inLanguage\":\"eu\",\"@id\":\"https:\\\/\\\/secure.gravatar.com\\\/avatar\\\/0dfa99498ba484cdcc62754bec4dfbf40865eb51f67329efb591d006cb221ea9?s=96&d=mm&r=g\",\"url\":\"https:\\\/\\\/secure.gravatar.com\\\/avatar\\\/0dfa99498ba484cdcc62754bec4dfbf40865eb51f67329efb591d006cb221ea9?s=96&d=mm&r=g\",\"contentUrl\":\"https:\\\/\\\/secure.gravatar.com\\\/avatar\\\/0dfa99498ba484cdcc62754bec4dfbf40865eb51f67329efb591d006cb221ea9?s=96&d=mm&r=g\",\"caption\":\"Garbi\u00f1e\"}}]}<\/script>\n<!-- \/ Yoast SEO plugin. -->","yoast_head_json":{"title":"EMAKUMENDI \u201cEMAKUME MENDIZALEEN AHOTSA\u201d - Bizkaiko Mendizale Federazioa","robots":{"index":"index","follow":"follow","max-snippet":"max-snippet:-1","max-image-preview":"max-image-preview:large","max-video-preview":"max-video-preview:-1"},"canonical":"https:\/\/bmf-fvm.org\/eu\/emakumendi-emakume-mendizaleen-ahotsa\/","og_locale":"en_US","og_type":"article","og_title":"EMAKUMENDI \u201cEMAKUME MENDIZALEEN AHOTSA\u201d - Bizkaiko Mendizale Federazioa","og_description":"BMF-FVKko Emakume eta Mendi batzordeak, EmakuMendi proiektuaren bidez agerian jarri eta balioetsi nahi ditu mendia hainbat esparrutatik bizi duten emakume&hellip;","og_url":"https:\/\/bmf-fvm.org\/eu\/emakumendi-emakume-mendizaleen-ahotsa\/","og_site_name":"Bizkaiko Mendizale Federazioa","article_publisher":"https:\/\/facebook.com\/pages\/Bmf-Fvm\/597553177057267","article_published_time":"2021-03-08T05:29:57+00:00","article_modified_time":"2022-03-23T14:50:16+00:00","og_image":[{"width":1080,"height":1080,"url":"https:\/\/bmf-fvm.org\/wp-content\/uploads\/2021\/03\/12-mujeres.png","type":"image\/png"}],"author":"Garbi\u00f1e","twitter_card":"summary_large_image","twitter_misc":{"Written by":"Garbi\u00f1e"},"schema":{"@context":"https:\/\/schema.org","@graph":[{"@type":"Article","@id":"https:\/\/bmf-fvm.org\/eu\/emakumendi-emakume-mendizaleen-ahotsa\/#article","isPartOf":{"@id":"https:\/\/bmf-fvm.org\/eu\/emakumendi-emakume-mendizaleen-ahotsa\/"},"author":{"name":"Garbi\u00f1e","@id":"https:\/\/bmf-fvm.org\/#\/schema\/person\/ea0095d8d56b7126abe1dcde2019b922"},"headline":"EMAKUMENDI \u201cEMAKUME MENDIZALEEN AHOTSA\u201d","datePublished":"2021-03-08T05:29:57+00:00","dateModified":"2022-03-23T14:50:16+00:00","mainEntityOfPage":{"@id":"https:\/\/bmf-fvm.org\/eu\/emakumendi-emakume-mendizaleen-ahotsa\/"},"wordCount":87,"publisher":{"@id":"https:\/\/bmf-fvm.org\/#organization"},"image":{"@id":"https:\/\/bmf-fvm.org\/eu\/emakumendi-emakume-mendizaleen-ahotsa\/#primaryimage"},"thumbnailUrl":"https:\/\/bmf-fvm.org\/wp-content\/uploads\/2021\/03\/12-mujeres.png","articleSection":["Uncategorized @eu"],"inLanguage":"eu"},{"@type":"WebPage","@id":"https:\/\/bmf-fvm.org\/eu\/emakumendi-emakume-mendizaleen-ahotsa\/","url":"https:\/\/bmf-fvm.org\/eu\/emakumendi-emakume-mendizaleen-ahotsa\/","name":"EMAKUMENDI \u201cEMAKUME MENDIZALEEN AHOTSA\u201d - Bizkaiko Mendizale Federazioa","isPartOf":{"@id":"https:\/\/bmf-fvm.org\/#website"},"primaryImageOfPage":{"@id":"https:\/\/bmf-fvm.org\/eu\/emakumendi-emakume-mendizaleen-ahotsa\/#primaryimage"},"image":{"@id":"https:\/\/bmf-fvm.org\/eu\/emakumendi-emakume-mendizaleen-ahotsa\/#primaryimage"},"thumbnailUrl":"https:\/\/bmf-fvm.org\/wp-content\/uploads\/2021\/03\/12-mujeres.png","datePublished":"2021-03-08T05:29:57+00:00","dateModified":"2022-03-23T14:50:16+00:00","breadcrumb":{"@id":"https:\/\/bmf-fvm.org\/eu\/emakumendi-emakume-mendizaleen-ahotsa\/#breadcrumb"},"inLanguage":"eu","potentialAction":[{"@type":"ReadAction","target":["https:\/\/bmf-fvm.org\/eu\/emakumendi-emakume-mendizaleen-ahotsa\/"]}]},{"@type":"ImageObject","inLanguage":"eu","@id":"https:\/\/bmf-fvm.org\/eu\/emakumendi-emakume-mendizaleen-ahotsa\/#primaryimage","url":"https:\/\/bmf-fvm.org\/wp-content\/uploads\/2021\/03\/12-mujeres.png","contentUrl":"https:\/\/bmf-fvm.org\/wp-content\/uploads\/2021\/03\/12-mujeres.png","width":1080,"height":1080},{"@type":"BreadcrumbList","@id":"https:\/\/bmf-fvm.org\/eu\/emakumendi-emakume-mendizaleen-ahotsa\/#breadcrumb","itemListElement":[{"@type":"ListItem","position":1,"name":"Portada","item":"https:\/\/bmf-fvm.org\/eu\/"},{"@type":"ListItem","position":2,"name":"EMAKUMENDI \u201cEMAKUME MENDIZALEEN AHOTSA\u201d"}]},{"@type":"WebSite","@id":"https:\/\/bmf-fvm.org\/#website","url":"https:\/\/bmf-fvm.org\/","name":"Bizkaiko Mendizale Federazioa","description":"Bizkaiko Mendizale Federazioa","publisher":{"@id":"https:\/\/bmf-fvm.org\/#organization"},"potentialAction":[{"@type":"SearchAction","target":{"@type":"EntryPoint","urlTemplate":"https:\/\/bmf-fvm.org\/?s={search_term_string}"},"query-input":{"@type":"PropertyValueSpecification","valueRequired":true,"valueName":"search_term_string"}}],"inLanguage":"eu"},{"@type":"Organization","@id":"https:\/\/bmf-fvm.org\/#organization","name":"Federaci\u00f3n Vizca\u00edna de Monta\u00f1a","url":"https:\/\/bmf-fvm.org\/","logo":{"@type":"ImageObject","inLanguage":"eu","@id":"https:\/\/bmf-fvm.org\/#\/schema\/logo\/image\/","url":"https:\/\/bmf-fvm.org\/wp-content\/uploads\/2022\/03\/bmf-logo-trans.png","contentUrl":"https:\/\/bmf-fvm.org\/wp-content\/uploads\/2022\/03\/bmf-logo-trans.png","width":41,"height":61,"caption":"Federaci\u00f3n Vizca\u00edna de Monta\u00f1a"},"image":{"@id":"https:\/\/bmf-fvm.org\/#\/schema\/logo\/image\/"},"sameAs":["https:\/\/facebook.com\/pages\/Bmf-Fvm\/597553177057267"]},{"@type":"Person","@id":"https:\/\/bmf-fvm.org\/#\/schema\/person\/ea0095d8d56b7126abe1dcde2019b922","name":"Garbi\u00f1e","image":{"@type":"ImageObject","inLanguage":"eu","@id":"https:\/\/secure.gravatar.com\/avatar\/0dfa99498ba484cdcc62754bec4dfbf40865eb51f67329efb591d006cb221ea9?s=96&d=mm&r=g","url":"https:\/\/secure.gravatar.com\/avatar\/0dfa99498ba484cdcc62754bec4dfbf40865eb51f67329efb591d006cb221ea9?s=96&d=mm&r=g","contentUrl":"https:\/\/secure.gravatar.com\/avatar\/0dfa99498ba484cdcc62754bec4dfbf40865eb51f67329efb591d006cb221ea9?s=96&d=mm&r=g","caption":"Garbi\u00f1e"}}]}},"_links":{"self":[{"href":"https:\/\/bmf-fvm.org\/eu\/wp-json\/wp\/v2\/posts\/70626","targetHints":{"allow":["GET"]}}],"collection":[{"href":"https:\/\/bmf-fvm.org\/eu\/wp-json\/wp\/v2\/posts"}],"about":[{"href":"https:\/\/bmf-fvm.org\/eu\/wp-json\/wp\/v2\/types\/post"}],"author":[{"embeddable":true,"href":"https:\/\/bmf-fvm.org\/eu\/wp-json\/wp\/v2\/users\/4"}],"replies":[{"embeddable":true,"href":"https:\/\/bmf-fvm.org\/eu\/wp-json\/wp\/v2\/comments?post=70626"}],"version-history":[{"count":0,"href":"https:\/\/bmf-fvm.org\/eu\/wp-json\/wp\/v2\/posts\/70626\/revisions"}],"wp:featuredmedia":[{"embeddable":true,"href":"https:\/\/bmf-fvm.org\/eu\/wp-json\/wp\/v2\/media\/70509"}],"wp:attachment":[{"href":"https:\/\/bmf-fvm.org\/eu\/wp-json\/wp\/v2\/media?parent=70626"}],"wp:term":[{"taxonomy":"category","embeddable":true,"href":"https:\/\/bmf-fvm.org\/eu\/wp-json\/wp\/v2\/categories?post=70626"},{"taxonomy":"post_tag","embeddable":true,"href":"https:\/\/bmf-fvm.org\/eu\/wp-json\/wp\/v2\/tags?post=70626"}],"curies":[{"name":"wp","href":"https:\/\/api.w.org\/{rel}","templated":true}]}}