{"id":125810,"date":"2026-03-16T11:56:27","date_gmt":"2026-03-16T10:56:27","guid":{"rendered":"https:\/\/bmf-fvm.org\/?p=125810"},"modified":"2026-03-16T11:58:44","modified_gmt":"2026-03-16T10:58:44","slug":"bbk-mendi-martxen-2-irteera-ganerantz-m-t-portugalete","status":"publish","type":"post","link":"https:\/\/bmf-fvm.org\/eu\/bbk-mendi-martxen-2-irteera-ganerantz-m-t-portugalete\/","title":{"rendered":"BBK Mendi Martxen 2. Irteera \u2013 Ganerantz M.T. &#8211; Portugalete"},"content":{"rendered":"<p>Martxoaren 15ean BBK Mendi Martxak 2026ren 2. irteera egin dugu Portugaleten. 251 parte-hartzailek 14 km pasatxoko ibilbidea egin dute, zati batean GR\u00ae 123 Bizkaiko Biraren bidezidorrarekin bat eginez, Bizkaia Zubitik (Gizateriaren Ondarea), Serantes gazteluaren gailurretik eta hondarretatik igarota, eta Nerbioi ibaiaren badiaren eta itsasadarraren ikuspegi bikaina.<\/p>\n<p>Google Argazkiak estekan lagundu nahi baduzue, zuenak gehitu ditzakezue.<\/p>\n<ul>\n<li><strong>\u00a02. irteerako argazkiak<\/strong>: &gt;&gt;&gt;&gt;<strong> <a href=\"https:\/\/photos.app.goo.gl\/KoZoH1epxn8wWBLx9\">Klikatu hemen<\/a><\/strong><\/li>\n<\/ul>\n<p>Eskerrik asko Portugalete eta Santurtziko Udalei, Ganerantz M.T. mendi klubeko bolondrez taldeari eta BBK Fundazioari<\/p>\n","protected":false},"excerpt":{"rendered":"<p>Martxoaren 15ean BBK Mendi Martxak 2026ren 2. irteera egin dugu Portugaleten. 251 parte-hartzailek 14 km pasatxoko ibilbidea egin dute, zati&hellip;<\/p>\n","protected":false},"author":16,"featured_media":125808,"comment_status":"closed","ping_status":"closed","sticky":false,"template":"","format":"standard","meta":{"_acf_changed":false,"footnotes":""},"categories":[35],"tags":[],"class_list":["post-125810","post","type-post","status-publish","format-standard","has-post-thumbnail","hentry","category-uncategorized-eu","seccion-ibilbideak"],"acf":[],"yoast_head":"<!-- This site is optimized with the Yoast SEO plugin v27.3 - https:\/\/yoast.com\/product\/yoast-seo-wordpress\/ -->\n<title>BBK Mendi Martxen 2. Irteera \u2013 Ganerantz M.T. - Portugalete - Bizkaiko Mendizale Federazioa<\/title>\n<meta name=\"robots\" content=\"index, follow, max-snippet:-1, max-image-preview:large, max-video-preview:-1\" \/>\n<link rel=\"canonical\" href=\"https:\/\/bmf-fvm.org\/eu\/bbk-mendi-martxen-2-irteera-ganerantz-m-t-portugalete\/\" \/>\n<meta property=\"og:locale\" content=\"en_US\" \/>\n<meta property=\"og:type\" content=\"article\" \/>\n<meta property=\"og:title\" content=\"BBK Mendi Martxen 2. Irteera \u2013 Ganerantz M.T. - Portugalete - Bizkaiko Mendizale Federazioa\" \/>\n<meta property=\"og:description\" content=\"Martxoaren 15ean BBK Mendi Martxak 2026ren 2. irteera egin dugu Portugaleten. 251 parte-hartzailek 14 km pasatxoko ibilbidea egin dute, zati&hellip;\" \/>\n<meta property=\"og:url\" content=\"https:\/\/bmf-fvm.org\/eu\/bbk-mendi-martxen-2-irteera-ganerantz-m-t-portugalete\/\" \/>\n<meta property=\"og:site_name\" content=\"Bizkaiko Mendizale Federazioa\" \/>\n<meta property=\"article:publisher\" content=\"https:\/\/facebook.com\/pages\/Bmf-Fvm\/597553177057267\" \/>\n<meta property=\"article:published_time\" content=\"2026-03-16T10:56:27+00:00\" \/>\n<meta property=\"article:modified_time\" content=\"2026-03-16T10:58:44+00:00\" \/>\n<meta property=\"og:image\" content=\"https:\/\/bmf-fvm.org\/wp-content\/uploads\/2026\/03\/2a-salida-Portugalete-Ganerantz-M.T-132.png\" \/>\n\t<meta property=\"og:image:width\" content=\"1020\" \/>\n\t<meta property=\"og:image:height\" content=\"576\" \/>\n\t<meta property=\"og:image:type\" content=\"image\/png\" \/>\n<meta name=\"author\" content=\"Olga\" \/>\n<meta name=\"twitter:card\" content=\"summary_large_image\" \/>\n<meta name=\"twitter:label1\" content=\"Written by\" \/>\n\t<meta name=\"twitter:data1\" content=\"Olga\" \/>\n<script type=\"application\/ld+json\" class=\"yoast-schema-graph\">{\"@context\":\"https:\\\/\\\/schema.org\",\"@graph\":[{\"@type\":\"Article\",\"@id\":\"https:\\\/\\\/bmf-fvm.org\\\/eu\\\/bbk-mendi-martxen-2-irteera-ganerantz-m-t-portugalete\\\/#article\",\"isPartOf\":{\"@id\":\"https:\\\/\\\/bmf-fvm.org\\\/eu\\\/bbk-mendi-martxen-2-irteera-ganerantz-m-t-portugalete\\\/\"},\"author\":{\"name\":\"Olga\",\"@id\":\"https:\\\/\\\/bmf-fvm.org\\\/#\\\/schema\\\/person\\\/73b7127736a45b33089b3c7e844772a4\"},\"headline\":\"BBK Mendi Martxen 2. Irteera \u2013 Ganerantz M.T. &#8211; Portugalete\",\"datePublished\":\"2026-03-16T10:56:27+00:00\",\"dateModified\":\"2026-03-16T10:58:44+00:00\",\"mainEntityOfPage\":{\"@id\":\"https:\\\/\\\/bmf-fvm.org\\\/eu\\\/bbk-mendi-martxen-2-irteera-ganerantz-m-t-portugalete\\\/\"},\"wordCount\":84,\"publisher\":{\"@id\":\"https:\\\/\\\/bmf-fvm.org\\\/#organization\"},\"image\":{\"@id\":\"https:\\\/\\\/bmf-fvm.org\\\/eu\\\/bbk-mendi-martxen-2-irteera-ganerantz-m-t-portugalete\\\/#primaryimage\"},\"thumbnailUrl\":\"https:\\\/\\\/bmf-fvm.org\\\/wp-content\\\/uploads\\\/2026\\\/03\\\/2a-salida-Portugalete-Ganerantz-M.T-132.png\",\"articleSection\":[\"Uncategorized @eu\"],\"inLanguage\":\"eu\"},{\"@type\":\"WebPage\",\"@id\":\"https:\\\/\\\/bmf-fvm.org\\\/eu\\\/bbk-mendi-martxen-2-irteera-ganerantz-m-t-portugalete\\\/\",\"url\":\"https:\\\/\\\/bmf-fvm.org\\\/eu\\\/bbk-mendi-martxen-2-irteera-ganerantz-m-t-portugalete\\\/\",\"name\":\"BBK Mendi Martxen 2. Irteera \u2013 Ganerantz M.T. - Portugalete - Bizkaiko Mendizale Federazioa\",\"isPartOf\":{\"@id\":\"https:\\\/\\\/bmf-fvm.org\\\/#website\"},\"primaryImageOfPage\":{\"@id\":\"https:\\\/\\\/bmf-fvm.org\\\/eu\\\/bbk-mendi-martxen-2-irteera-ganerantz-m-t-portugalete\\\/#primaryimage\"},\"image\":{\"@id\":\"https:\\\/\\\/bmf-fvm.org\\\/eu\\\/bbk-mendi-martxen-2-irteera-ganerantz-m-t-portugalete\\\/#primaryimage\"},\"thumbnailUrl\":\"https:\\\/\\\/bmf-fvm.org\\\/wp-content\\\/uploads\\\/2026\\\/03\\\/2a-salida-Portugalete-Ganerantz-M.T-132.png\",\"datePublished\":\"2026-03-16T10:56:27+00:00\",\"dateModified\":\"2026-03-16T10:58:44+00:00\",\"breadcrumb\":{\"@id\":\"https:\\\/\\\/bmf-fvm.org\\\/eu\\\/bbk-mendi-martxen-2-irteera-ganerantz-m-t-portugalete\\\/#breadcrumb\"},\"inLanguage\":\"eu\",\"potentialAction\":[{\"@type\":\"ReadAction\",\"target\":[\"https:\\\/\\\/bmf-fvm.org\\\/eu\\\/bbk-mendi-martxen-2-irteera-ganerantz-m-t-portugalete\\\/\"]}]},{\"@type\":\"ImageObject\",\"inLanguage\":\"eu\",\"@id\":\"https:\\\/\\\/bmf-fvm.org\\\/eu\\\/bbk-mendi-martxen-2-irteera-ganerantz-m-t-portugalete\\\/#primaryimage\",\"url\":\"https:\\\/\\\/bmf-fvm.org\\\/wp-content\\\/uploads\\\/2026\\\/03\\\/2a-salida-Portugalete-Ganerantz-M.T-132.png\",\"contentUrl\":\"https:\\\/\\\/bmf-fvm.org\\\/wp-content\\\/uploads\\\/2026\\\/03\\\/2a-salida-Portugalete-Ganerantz-M.T-132.png\",\"width\":1020,\"height\":576},{\"@type\":\"BreadcrumbList\",\"@id\":\"https:\\\/\\\/bmf-fvm.org\\\/eu\\\/bbk-mendi-martxen-2-irteera-ganerantz-m-t-portugalete\\\/#breadcrumb\",\"itemListElement\":[{\"@type\":\"ListItem\",\"position\":1,\"name\":\"Portada\",\"item\":\"https:\\\/\\\/bmf-fvm.org\\\/eu\\\/\"},{\"@type\":\"ListItem\",\"position\":2,\"name\":\"BBK Mendi Martxen 2. Irteera \u2013 Ganerantz M.T. &#8211; Portugalete\"}]},{\"@type\":\"WebSite\",\"@id\":\"https:\\\/\\\/bmf-fvm.org\\\/#website\",\"url\":\"https:\\\/\\\/bmf-fvm.org\\\/\",\"name\":\"Bizkaiko Mendizale Federazioa\",\"description\":\"Bizkaiko Mendizale Federazioa\",\"publisher\":{\"@id\":\"https:\\\/\\\/bmf-fvm.org\\\/#organization\"},\"potentialAction\":[{\"@type\":\"SearchAction\",\"target\":{\"@type\":\"EntryPoint\",\"urlTemplate\":\"https:\\\/\\\/bmf-fvm.org\\\/?s={search_term_string}\"},\"query-input\":{\"@type\":\"PropertyValueSpecification\",\"valueRequired\":true,\"valueName\":\"search_term_string\"}}],\"inLanguage\":\"eu\"},{\"@type\":\"Organization\",\"@id\":\"https:\\\/\\\/bmf-fvm.org\\\/#organization\",\"name\":\"Federaci\u00f3n Vizca\u00edna de Monta\u00f1a\",\"url\":\"https:\\\/\\\/bmf-fvm.org\\\/\",\"logo\":{\"@type\":\"ImageObject\",\"inLanguage\":\"eu\",\"@id\":\"https:\\\/\\\/bmf-fvm.org\\\/#\\\/schema\\\/logo\\\/image\\\/\",\"url\":\"https:\\\/\\\/bmf-fvm.org\\\/wp-content\\\/uploads\\\/2022\\\/03\\\/bmf-logo-trans.png\",\"contentUrl\":\"https:\\\/\\\/bmf-fvm.org\\\/wp-content\\\/uploads\\\/2022\\\/03\\\/bmf-logo-trans.png\",\"width\":41,\"height\":61,\"caption\":\"Federaci\u00f3n Vizca\u00edna de Monta\u00f1a\"},\"image\":{\"@id\":\"https:\\\/\\\/bmf-fvm.org\\\/#\\\/schema\\\/logo\\\/image\\\/\"},\"sameAs\":[\"https:\\\/\\\/facebook.com\\\/pages\\\/Bmf-Fvm\\\/597553177057267\"]},{\"@type\":\"Person\",\"@id\":\"https:\\\/\\\/bmf-fvm.org\\\/#\\\/schema\\\/person\\\/73b7127736a45b33089b3c7e844772a4\",\"name\":\"Olga\",\"image\":{\"@type\":\"ImageObject\",\"inLanguage\":\"eu\",\"@id\":\"https:\\\/\\\/secure.gravatar.com\\\/avatar\\\/71512f05c1507df0e8b89c5715c1c66d4058974ed7c9bf89edf2ca7ef15e75f9?s=96&d=mm&r=g\",\"url\":\"https:\\\/\\\/secure.gravatar.com\\\/avatar\\\/71512f05c1507df0e8b89c5715c1c66d4058974ed7c9bf89edf2ca7ef15e75f9?s=96&d=mm&r=g\",\"contentUrl\":\"https:\\\/\\\/secure.gravatar.com\\\/avatar\\\/71512f05c1507df0e8b89c5715c1c66d4058974ed7c9bf89edf2ca7ef15e75f9?s=96&d=mm&r=g\",\"caption\":\"Olga\"}}]}<\/script>\n<!-- \/ Yoast SEO plugin. -->","yoast_head_json":{"title":"BBK Mendi Martxen 2. Irteera \u2013 Ganerantz M.T. - Portugalete - Bizkaiko Mendizale Federazioa","robots":{"index":"index","follow":"follow","max-snippet":"max-snippet:-1","max-image-preview":"max-image-preview:large","max-video-preview":"max-video-preview:-1"},"canonical":"https:\/\/bmf-fvm.org\/eu\/bbk-mendi-martxen-2-irteera-ganerantz-m-t-portugalete\/","og_locale":"en_US","og_type":"article","og_title":"BBK Mendi Martxen 2. Irteera \u2013 Ganerantz M.T. - Portugalete - Bizkaiko Mendizale Federazioa","og_description":"Martxoaren 15ean BBK Mendi Martxak 2026ren 2. irteera egin dugu Portugaleten. 251 parte-hartzailek 14 km pasatxoko ibilbidea egin dute, zati&hellip;","og_url":"https:\/\/bmf-fvm.org\/eu\/bbk-mendi-martxen-2-irteera-ganerantz-m-t-portugalete\/","og_site_name":"Bizkaiko Mendizale Federazioa","article_publisher":"https:\/\/facebook.com\/pages\/Bmf-Fvm\/597553177057267","article_published_time":"2026-03-16T10:56:27+00:00","article_modified_time":"2026-03-16T10:58:44+00:00","og_image":[{"width":1020,"height":576,"url":"https:\/\/bmf-fvm.org\/wp-content\/uploads\/2026\/03\/2a-salida-Portugalete-Ganerantz-M.T-132.png","type":"image\/png"}],"author":"Olga","twitter_card":"summary_large_image","twitter_misc":{"Written by":"Olga"},"schema":{"@context":"https:\/\/schema.org","@graph":[{"@type":"Article","@id":"https:\/\/bmf-fvm.org\/eu\/bbk-mendi-martxen-2-irteera-ganerantz-m-t-portugalete\/#article","isPartOf":{"@id":"https:\/\/bmf-fvm.org\/eu\/bbk-mendi-martxen-2-irteera-ganerantz-m-t-portugalete\/"},"author":{"name":"Olga","@id":"https:\/\/bmf-fvm.org\/#\/schema\/person\/73b7127736a45b33089b3c7e844772a4"},"headline":"BBK Mendi Martxen 2. Irteera \u2013 Ganerantz M.T. &#8211; Portugalete","datePublished":"2026-03-16T10:56:27+00:00","dateModified":"2026-03-16T10:58:44+00:00","mainEntityOfPage":{"@id":"https:\/\/bmf-fvm.org\/eu\/bbk-mendi-martxen-2-irteera-ganerantz-m-t-portugalete\/"},"wordCount":84,"publisher":{"@id":"https:\/\/bmf-fvm.org\/#organization"},"image":{"@id":"https:\/\/bmf-fvm.org\/eu\/bbk-mendi-martxen-2-irteera-ganerantz-m-t-portugalete\/#primaryimage"},"thumbnailUrl":"https:\/\/bmf-fvm.org\/wp-content\/uploads\/2026\/03\/2a-salida-Portugalete-Ganerantz-M.T-132.png","articleSection":["Uncategorized @eu"],"inLanguage":"eu"},{"@type":"WebPage","@id":"https:\/\/bmf-fvm.org\/eu\/bbk-mendi-martxen-2-irteera-ganerantz-m-t-portugalete\/","url":"https:\/\/bmf-fvm.org\/eu\/bbk-mendi-martxen-2-irteera-ganerantz-m-t-portugalete\/","name":"BBK Mendi Martxen 2. Irteera \u2013 Ganerantz M.T. - Portugalete - Bizkaiko Mendizale Federazioa","isPartOf":{"@id":"https:\/\/bmf-fvm.org\/#website"},"primaryImageOfPage":{"@id":"https:\/\/bmf-fvm.org\/eu\/bbk-mendi-martxen-2-irteera-ganerantz-m-t-portugalete\/#primaryimage"},"image":{"@id":"https:\/\/bmf-fvm.org\/eu\/bbk-mendi-martxen-2-irteera-ganerantz-m-t-portugalete\/#primaryimage"},"thumbnailUrl":"https:\/\/bmf-fvm.org\/wp-content\/uploads\/2026\/03\/2a-salida-Portugalete-Ganerantz-M.T-132.png","datePublished":"2026-03-16T10:56:27+00:00","dateModified":"2026-03-16T10:58:44+00:00","breadcrumb":{"@id":"https:\/\/bmf-fvm.org\/eu\/bbk-mendi-martxen-2-irteera-ganerantz-m-t-portugalete\/#breadcrumb"},"inLanguage":"eu","potentialAction":[{"@type":"ReadAction","target":["https:\/\/bmf-fvm.org\/eu\/bbk-mendi-martxen-2-irteera-ganerantz-m-t-portugalete\/"]}]},{"@type":"ImageObject","inLanguage":"eu","@id":"https:\/\/bmf-fvm.org\/eu\/bbk-mendi-martxen-2-irteera-ganerantz-m-t-portugalete\/#primaryimage","url":"https:\/\/bmf-fvm.org\/wp-content\/uploads\/2026\/03\/2a-salida-Portugalete-Ganerantz-M.T-132.png","contentUrl":"https:\/\/bmf-fvm.org\/wp-content\/uploads\/2026\/03\/2a-salida-Portugalete-Ganerantz-M.T-132.png","width":1020,"height":576},{"@type":"BreadcrumbList","@id":"https:\/\/bmf-fvm.org\/eu\/bbk-mendi-martxen-2-irteera-ganerantz-m-t-portugalete\/#breadcrumb","itemListElement":[{"@type":"ListItem","position":1,"name":"Portada","item":"https:\/\/bmf-fvm.org\/eu\/"},{"@type":"ListItem","position":2,"name":"BBK Mendi Martxen 2. Irteera \u2013 Ganerantz M.T. &#8211; Portugalete"}]},{"@type":"WebSite","@id":"https:\/\/bmf-fvm.org\/#website","url":"https:\/\/bmf-fvm.org\/","name":"Bizkaiko Mendizale Federazioa","description":"Bizkaiko Mendizale Federazioa","publisher":{"@id":"https:\/\/bmf-fvm.org\/#organization"},"potentialAction":[{"@type":"SearchAction","target":{"@type":"EntryPoint","urlTemplate":"https:\/\/bmf-fvm.org\/?s={search_term_string}"},"query-input":{"@type":"PropertyValueSpecification","valueRequired":true,"valueName":"search_term_string"}}],"inLanguage":"eu"},{"@type":"Organization","@id":"https:\/\/bmf-fvm.org\/#organization","name":"Federaci\u00f3n Vizca\u00edna de Monta\u00f1a","url":"https:\/\/bmf-fvm.org\/","logo":{"@type":"ImageObject","inLanguage":"eu","@id":"https:\/\/bmf-fvm.org\/#\/schema\/logo\/image\/","url":"https:\/\/bmf-fvm.org\/wp-content\/uploads\/2022\/03\/bmf-logo-trans.png","contentUrl":"https:\/\/bmf-fvm.org\/wp-content\/uploads\/2022\/03\/bmf-logo-trans.png","width":41,"height":61,"caption":"Federaci\u00f3n Vizca\u00edna de Monta\u00f1a"},"image":{"@id":"https:\/\/bmf-fvm.org\/#\/schema\/logo\/image\/"},"sameAs":["https:\/\/facebook.com\/pages\/Bmf-Fvm\/597553177057267"]},{"@type":"Person","@id":"https:\/\/bmf-fvm.org\/#\/schema\/person\/73b7127736a45b33089b3c7e844772a4","name":"Olga","image":{"@type":"ImageObject","inLanguage":"eu","@id":"https:\/\/secure.gravatar.com\/avatar\/71512f05c1507df0e8b89c5715c1c66d4058974ed7c9bf89edf2ca7ef15e75f9?s=96&d=mm&r=g","url":"https:\/\/secure.gravatar.com\/avatar\/71512f05c1507df0e8b89c5715c1c66d4058974ed7c9bf89edf2ca7ef15e75f9?s=96&d=mm&r=g","contentUrl":"https:\/\/secure.gravatar.com\/avatar\/71512f05c1507df0e8b89c5715c1c66d4058974ed7c9bf89edf2ca7ef15e75f9?s=96&d=mm&r=g","caption":"Olga"}}]}},"_links":{"self":[{"href":"https:\/\/bmf-fvm.org\/eu\/wp-json\/wp\/v2\/posts\/125810","targetHints":{"allow":["GET"]}}],"collection":[{"href":"https:\/\/bmf-fvm.org\/eu\/wp-json\/wp\/v2\/posts"}],"about":[{"href":"https:\/\/bmf-fvm.org\/eu\/wp-json\/wp\/v2\/types\/post"}],"author":[{"embeddable":true,"href":"https:\/\/bmf-fvm.org\/eu\/wp-json\/wp\/v2\/users\/16"}],"replies":[{"embeddable":true,"href":"https:\/\/bmf-fvm.org\/eu\/wp-json\/wp\/v2\/comments?post=125810"}],"version-history":[{"count":1,"href":"https:\/\/bmf-fvm.org\/eu\/wp-json\/wp\/v2\/posts\/125810\/revisions"}],"predecessor-version":[{"id":125811,"href":"https:\/\/bmf-fvm.org\/eu\/wp-json\/wp\/v2\/posts\/125810\/revisions\/125811"}],"wp:featuredmedia":[{"embeddable":true,"href":"https:\/\/bmf-fvm.org\/eu\/wp-json\/wp\/v2\/media\/125808"}],"wp:attachment":[{"href":"https:\/\/bmf-fvm.org\/eu\/wp-json\/wp\/v2\/media?parent=125810"}],"wp:term":[{"taxonomy":"category","embeddable":true,"href":"https:\/\/bmf-fvm.org\/eu\/wp-json\/wp\/v2\/categories?post=125810"},{"taxonomy":"post_tag","embeddable":true,"href":"https:\/\/bmf-fvm.org\/eu\/wp-json\/wp\/v2\/tags?post=125810"}],"curies":[{"name":"wp","href":"https:\/\/api.w.org\/{rel}","templated":true}]}}