{"id":125803,"date":"2026-03-16T11:44:20","date_gmt":"2026-03-16T10:44:20","guid":{"rendered":"https:\/\/bmf-fvm.org\/?p=125803"},"modified":"2026-03-16T11:45:11","modified_gmt":"2026-03-16T10:45:11","slug":"pr-bi-33-ibarra-urigoiti-bidea-aldi-baterako-ixtea","status":"publish","type":"post","link":"https:\/\/bmf-fvm.org\/eu\/pr-bi-33-ibarra-urigoiti-bidea-aldi-baterako-ixtea\/","title":{"rendered":"PR -BI 33 Ibarra \u2013 Urigoiti bidea aldi baterako ixtea"},"content":{"rendered":"<p>PR\u00ae -BI 33 Ibarra \u2013 Urigoiti bidexkan zoruaren zati batzuetan dauden arazoak direla eta, ibilbidea ez egitea gomendatzen dugu, Orozkoko Udalak sustatzailea den, aldi baterako itxita aurkitzen da. Gorabehera horiek konpondu ondoren, ibilbidea berriro irekiko dela abisatuko dugu.<\/p>\n","protected":false},"excerpt":{"rendered":"<p>PR\u00ae -BI 33 Ibarra \u2013 Urigoiti bidexkan zoruaren zati batzuetan dauden arazoak direla eta, ibilbidea ez egitea gomendatzen dugu, Orozkoko&hellip;<\/p>\n","protected":false},"author":16,"featured_media":125801,"comment_status":"closed","ping_status":"closed","sticky":false,"template":"","format":"standard","meta":{"_acf_changed":false,"footnotes":""},"categories":[35],"tags":[],"class_list":["post-125803","post","type-post","status-publish","format-standard","has-post-thumbnail","hentry","category-uncategorized-eu","seccion-ibilbideak"],"acf":[],"yoast_head":"<!-- This site is optimized with the Yoast SEO plugin v27.3 - https:\/\/yoast.com\/product\/yoast-seo-wordpress\/ -->\n<title>PR -BI 33 Ibarra \u2013 Urigoiti bidea aldi baterako ixtea - Bizkaiko Mendizale Federazioa<\/title>\n<meta name=\"robots\" content=\"index, follow, max-snippet:-1, max-image-preview:large, max-video-preview:-1\" \/>\n<link rel=\"canonical\" href=\"https:\/\/bmf-fvm.org\/eu\/pr-bi-33-ibarra-urigoiti-bidea-aldi-baterako-ixtea\/\" \/>\n<meta property=\"og:locale\" content=\"en_US\" \/>\n<meta property=\"og:type\" content=\"article\" \/>\n<meta property=\"og:title\" content=\"PR -BI 33 Ibarra \u2013 Urigoiti bidea aldi baterako ixtea - Bizkaiko Mendizale Federazioa\" \/>\n<meta property=\"og:description\" content=\"PR\u00ae -BI 33 Ibarra \u2013 Urigoiti bidexkan zoruaren zati batzuetan dauden arazoak direla eta, ibilbidea ez egitea gomendatzen dugu, Orozkoko&hellip;\" \/>\n<meta property=\"og:url\" content=\"https:\/\/bmf-fvm.org\/eu\/pr-bi-33-ibarra-urigoiti-bidea-aldi-baterako-ixtea\/\" \/>\n<meta property=\"og:site_name\" content=\"Bizkaiko Mendizale Federazioa\" \/>\n<meta property=\"article:publisher\" content=\"https:\/\/facebook.com\/pages\/Bmf-Fvm\/597553177057267\" \/>\n<meta property=\"article:published_time\" content=\"2026-03-16T10:44:20+00:00\" \/>\n<meta property=\"article:modified_time\" content=\"2026-03-16T10:45:11+00:00\" \/>\n<meta property=\"og:image\" content=\"https:\/\/bmf-fvm.org\/wp-content\/uploads\/2026\/03\/PR\u00ae-BI-33-1024x457.png\" \/>\n\t<meta property=\"og:image:width\" content=\"1024\" \/>\n\t<meta property=\"og:image:height\" content=\"457\" \/>\n\t<meta property=\"og:image:type\" content=\"image\/png\" \/>\n<meta name=\"author\" content=\"Olga\" \/>\n<meta name=\"twitter:card\" content=\"summary_large_image\" \/>\n<meta name=\"twitter:label1\" content=\"Written by\" \/>\n\t<meta name=\"twitter:data1\" content=\"Olga\" \/>\n<script type=\"application\/ld+json\" class=\"yoast-schema-graph\">{\"@context\":\"https:\\\/\\\/schema.org\",\"@graph\":[{\"@type\":\"Article\",\"@id\":\"https:\\\/\\\/bmf-fvm.org\\\/eu\\\/pr-bi-33-ibarra-urigoiti-bidea-aldi-baterako-ixtea\\\/#article\",\"isPartOf\":{\"@id\":\"https:\\\/\\\/bmf-fvm.org\\\/eu\\\/pr-bi-33-ibarra-urigoiti-bidea-aldi-baterako-ixtea\\\/\"},\"author\":{\"name\":\"Olga\",\"@id\":\"https:\\\/\\\/bmf-fvm.org\\\/#\\\/schema\\\/person\\\/73b7127736a45b33089b3c7e844772a4\"},\"headline\":\"PR -BI 33 Ibarra \u2013 Urigoiti bidea aldi baterako ixtea\",\"datePublished\":\"2026-03-16T10:44:20+00:00\",\"dateModified\":\"2026-03-16T10:45:11+00:00\",\"mainEntityOfPage\":{\"@id\":\"https:\\\/\\\/bmf-fvm.org\\\/eu\\\/pr-bi-33-ibarra-urigoiti-bidea-aldi-baterako-ixtea\\\/\"},\"wordCount\":44,\"publisher\":{\"@id\":\"https:\\\/\\\/bmf-fvm.org\\\/#organization\"},\"image\":{\"@id\":\"https:\\\/\\\/bmf-fvm.org\\\/eu\\\/pr-bi-33-ibarra-urigoiti-bidea-aldi-baterako-ixtea\\\/#primaryimage\"},\"thumbnailUrl\":\"https:\\\/\\\/bmf-fvm.org\\\/wp-content\\\/uploads\\\/2026\\\/03\\\/PR\u00ae-BI-33-scaled.png\",\"articleSection\":[\"Uncategorized @eu\"],\"inLanguage\":\"eu\"},{\"@type\":\"WebPage\",\"@id\":\"https:\\\/\\\/bmf-fvm.org\\\/eu\\\/pr-bi-33-ibarra-urigoiti-bidea-aldi-baterako-ixtea\\\/\",\"url\":\"https:\\\/\\\/bmf-fvm.org\\\/eu\\\/pr-bi-33-ibarra-urigoiti-bidea-aldi-baterako-ixtea\\\/\",\"name\":\"PR -BI 33 Ibarra \u2013 Urigoiti bidea aldi baterako ixtea - Bizkaiko Mendizale Federazioa\",\"isPartOf\":{\"@id\":\"https:\\\/\\\/bmf-fvm.org\\\/#website\"},\"primaryImageOfPage\":{\"@id\":\"https:\\\/\\\/bmf-fvm.org\\\/eu\\\/pr-bi-33-ibarra-urigoiti-bidea-aldi-baterako-ixtea\\\/#primaryimage\"},\"image\":{\"@id\":\"https:\\\/\\\/bmf-fvm.org\\\/eu\\\/pr-bi-33-ibarra-urigoiti-bidea-aldi-baterako-ixtea\\\/#primaryimage\"},\"thumbnailUrl\":\"https:\\\/\\\/bmf-fvm.org\\\/wp-content\\\/uploads\\\/2026\\\/03\\\/PR\u00ae-BI-33-scaled.png\",\"datePublished\":\"2026-03-16T10:44:20+00:00\",\"dateModified\":\"2026-03-16T10:45:11+00:00\",\"breadcrumb\":{\"@id\":\"https:\\\/\\\/bmf-fvm.org\\\/eu\\\/pr-bi-33-ibarra-urigoiti-bidea-aldi-baterako-ixtea\\\/#breadcrumb\"},\"inLanguage\":\"eu\",\"potentialAction\":[{\"@type\":\"ReadAction\",\"target\":[\"https:\\\/\\\/bmf-fvm.org\\\/eu\\\/pr-bi-33-ibarra-urigoiti-bidea-aldi-baterako-ixtea\\\/\"]}]},{\"@type\":\"ImageObject\",\"inLanguage\":\"eu\",\"@id\":\"https:\\\/\\\/bmf-fvm.org\\\/eu\\\/pr-bi-33-ibarra-urigoiti-bidea-aldi-baterako-ixtea\\\/#primaryimage\",\"url\":\"https:\\\/\\\/bmf-fvm.org\\\/wp-content\\\/uploads\\\/2026\\\/03\\\/PR\u00ae-BI-33-scaled.png\",\"contentUrl\":\"https:\\\/\\\/bmf-fvm.org\\\/wp-content\\\/uploads\\\/2026\\\/03\\\/PR\u00ae-BI-33-scaled.png\",\"width\":2560,\"height\":1144},{\"@type\":\"BreadcrumbList\",\"@id\":\"https:\\\/\\\/bmf-fvm.org\\\/eu\\\/pr-bi-33-ibarra-urigoiti-bidea-aldi-baterako-ixtea\\\/#breadcrumb\",\"itemListElement\":[{\"@type\":\"ListItem\",\"position\":1,\"name\":\"Portada\",\"item\":\"https:\\\/\\\/bmf-fvm.org\\\/eu\\\/\"},{\"@type\":\"ListItem\",\"position\":2,\"name\":\"PR -BI 33 Ibarra \u2013 Urigoiti bidea aldi baterako ixtea\"}]},{\"@type\":\"WebSite\",\"@id\":\"https:\\\/\\\/bmf-fvm.org\\\/#website\",\"url\":\"https:\\\/\\\/bmf-fvm.org\\\/\",\"name\":\"Bizkaiko Mendizale Federazioa\",\"description\":\"Bizkaiko Mendizale Federazioa\",\"publisher\":{\"@id\":\"https:\\\/\\\/bmf-fvm.org\\\/#organization\"},\"potentialAction\":[{\"@type\":\"SearchAction\",\"target\":{\"@type\":\"EntryPoint\",\"urlTemplate\":\"https:\\\/\\\/bmf-fvm.org\\\/?s={search_term_string}\"},\"query-input\":{\"@type\":\"PropertyValueSpecification\",\"valueRequired\":true,\"valueName\":\"search_term_string\"}}],\"inLanguage\":\"eu\"},{\"@type\":\"Organization\",\"@id\":\"https:\\\/\\\/bmf-fvm.org\\\/#organization\",\"name\":\"Federaci\u00f3n Vizca\u00edna de Monta\u00f1a\",\"url\":\"https:\\\/\\\/bmf-fvm.org\\\/\",\"logo\":{\"@type\":\"ImageObject\",\"inLanguage\":\"eu\",\"@id\":\"https:\\\/\\\/bmf-fvm.org\\\/#\\\/schema\\\/logo\\\/image\\\/\",\"url\":\"https:\\\/\\\/bmf-fvm.org\\\/wp-content\\\/uploads\\\/2022\\\/03\\\/bmf-logo-trans.png\",\"contentUrl\":\"https:\\\/\\\/bmf-fvm.org\\\/wp-content\\\/uploads\\\/2022\\\/03\\\/bmf-logo-trans.png\",\"width\":41,\"height\":61,\"caption\":\"Federaci\u00f3n Vizca\u00edna de Monta\u00f1a\"},\"image\":{\"@id\":\"https:\\\/\\\/bmf-fvm.org\\\/#\\\/schema\\\/logo\\\/image\\\/\"},\"sameAs\":[\"https:\\\/\\\/facebook.com\\\/pages\\\/Bmf-Fvm\\\/597553177057267\"]},{\"@type\":\"Person\",\"@id\":\"https:\\\/\\\/bmf-fvm.org\\\/#\\\/schema\\\/person\\\/73b7127736a45b33089b3c7e844772a4\",\"name\":\"Olga\",\"image\":{\"@type\":\"ImageObject\",\"inLanguage\":\"eu\",\"@id\":\"https:\\\/\\\/secure.gravatar.com\\\/avatar\\\/71512f05c1507df0e8b89c5715c1c66d4058974ed7c9bf89edf2ca7ef15e75f9?s=96&d=mm&r=g\",\"url\":\"https:\\\/\\\/secure.gravatar.com\\\/avatar\\\/71512f05c1507df0e8b89c5715c1c66d4058974ed7c9bf89edf2ca7ef15e75f9?s=96&d=mm&r=g\",\"contentUrl\":\"https:\\\/\\\/secure.gravatar.com\\\/avatar\\\/71512f05c1507df0e8b89c5715c1c66d4058974ed7c9bf89edf2ca7ef15e75f9?s=96&d=mm&r=g\",\"caption\":\"Olga\"}}]}<\/script>\n<!-- \/ Yoast SEO plugin. -->","yoast_head_json":{"title":"PR -BI 33 Ibarra \u2013 Urigoiti bidea aldi baterako ixtea - Bizkaiko Mendizale Federazioa","robots":{"index":"index","follow":"follow","max-snippet":"max-snippet:-1","max-image-preview":"max-image-preview:large","max-video-preview":"max-video-preview:-1"},"canonical":"https:\/\/bmf-fvm.org\/eu\/pr-bi-33-ibarra-urigoiti-bidea-aldi-baterako-ixtea\/","og_locale":"en_US","og_type":"article","og_title":"PR -BI 33 Ibarra \u2013 Urigoiti bidea aldi baterako ixtea - Bizkaiko Mendizale Federazioa","og_description":"PR\u00ae -BI 33 Ibarra \u2013 Urigoiti bidexkan zoruaren zati batzuetan dauden arazoak direla eta, ibilbidea ez egitea gomendatzen dugu, Orozkoko&hellip;","og_url":"https:\/\/bmf-fvm.org\/eu\/pr-bi-33-ibarra-urigoiti-bidea-aldi-baterako-ixtea\/","og_site_name":"Bizkaiko Mendizale Federazioa","article_publisher":"https:\/\/facebook.com\/pages\/Bmf-Fvm\/597553177057267","article_published_time":"2026-03-16T10:44:20+00:00","article_modified_time":"2026-03-16T10:45:11+00:00","og_image":[{"width":1024,"height":457,"url":"https:\/\/bmf-fvm.org\/wp-content\/uploads\/2026\/03\/PR\u00ae-BI-33-1024x457.png","type":"image\/png"}],"author":"Olga","twitter_card":"summary_large_image","twitter_misc":{"Written by":"Olga"},"schema":{"@context":"https:\/\/schema.org","@graph":[{"@type":"Article","@id":"https:\/\/bmf-fvm.org\/eu\/pr-bi-33-ibarra-urigoiti-bidea-aldi-baterako-ixtea\/#article","isPartOf":{"@id":"https:\/\/bmf-fvm.org\/eu\/pr-bi-33-ibarra-urigoiti-bidea-aldi-baterako-ixtea\/"},"author":{"name":"Olga","@id":"https:\/\/bmf-fvm.org\/#\/schema\/person\/73b7127736a45b33089b3c7e844772a4"},"headline":"PR -BI 33 Ibarra \u2013 Urigoiti bidea aldi baterako ixtea","datePublished":"2026-03-16T10:44:20+00:00","dateModified":"2026-03-16T10:45:11+00:00","mainEntityOfPage":{"@id":"https:\/\/bmf-fvm.org\/eu\/pr-bi-33-ibarra-urigoiti-bidea-aldi-baterako-ixtea\/"},"wordCount":44,"publisher":{"@id":"https:\/\/bmf-fvm.org\/#organization"},"image":{"@id":"https:\/\/bmf-fvm.org\/eu\/pr-bi-33-ibarra-urigoiti-bidea-aldi-baterako-ixtea\/#primaryimage"},"thumbnailUrl":"https:\/\/bmf-fvm.org\/wp-content\/uploads\/2026\/03\/PR\u00ae-BI-33-scaled.png","articleSection":["Uncategorized @eu"],"inLanguage":"eu"},{"@type":"WebPage","@id":"https:\/\/bmf-fvm.org\/eu\/pr-bi-33-ibarra-urigoiti-bidea-aldi-baterako-ixtea\/","url":"https:\/\/bmf-fvm.org\/eu\/pr-bi-33-ibarra-urigoiti-bidea-aldi-baterako-ixtea\/","name":"PR -BI 33 Ibarra \u2013 Urigoiti bidea aldi baterako ixtea - Bizkaiko Mendizale Federazioa","isPartOf":{"@id":"https:\/\/bmf-fvm.org\/#website"},"primaryImageOfPage":{"@id":"https:\/\/bmf-fvm.org\/eu\/pr-bi-33-ibarra-urigoiti-bidea-aldi-baterako-ixtea\/#primaryimage"},"image":{"@id":"https:\/\/bmf-fvm.org\/eu\/pr-bi-33-ibarra-urigoiti-bidea-aldi-baterako-ixtea\/#primaryimage"},"thumbnailUrl":"https:\/\/bmf-fvm.org\/wp-content\/uploads\/2026\/03\/PR\u00ae-BI-33-scaled.png","datePublished":"2026-03-16T10:44:20+00:00","dateModified":"2026-03-16T10:45:11+00:00","breadcrumb":{"@id":"https:\/\/bmf-fvm.org\/eu\/pr-bi-33-ibarra-urigoiti-bidea-aldi-baterako-ixtea\/#breadcrumb"},"inLanguage":"eu","potentialAction":[{"@type":"ReadAction","target":["https:\/\/bmf-fvm.org\/eu\/pr-bi-33-ibarra-urigoiti-bidea-aldi-baterako-ixtea\/"]}]},{"@type":"ImageObject","inLanguage":"eu","@id":"https:\/\/bmf-fvm.org\/eu\/pr-bi-33-ibarra-urigoiti-bidea-aldi-baterako-ixtea\/#primaryimage","url":"https:\/\/bmf-fvm.org\/wp-content\/uploads\/2026\/03\/PR\u00ae-BI-33-scaled.png","contentUrl":"https:\/\/bmf-fvm.org\/wp-content\/uploads\/2026\/03\/PR\u00ae-BI-33-scaled.png","width":2560,"height":1144},{"@type":"BreadcrumbList","@id":"https:\/\/bmf-fvm.org\/eu\/pr-bi-33-ibarra-urigoiti-bidea-aldi-baterako-ixtea\/#breadcrumb","itemListElement":[{"@type":"ListItem","position":1,"name":"Portada","item":"https:\/\/bmf-fvm.org\/eu\/"},{"@type":"ListItem","position":2,"name":"PR -BI 33 Ibarra \u2013 Urigoiti bidea aldi baterako ixtea"}]},{"@type":"WebSite","@id":"https:\/\/bmf-fvm.org\/#website","url":"https:\/\/bmf-fvm.org\/","name":"Bizkaiko Mendizale Federazioa","description":"Bizkaiko Mendizale Federazioa","publisher":{"@id":"https:\/\/bmf-fvm.org\/#organization"},"potentialAction":[{"@type":"SearchAction","target":{"@type":"EntryPoint","urlTemplate":"https:\/\/bmf-fvm.org\/?s={search_term_string}"},"query-input":{"@type":"PropertyValueSpecification","valueRequired":true,"valueName":"search_term_string"}}],"inLanguage":"eu"},{"@type":"Organization","@id":"https:\/\/bmf-fvm.org\/#organization","name":"Federaci\u00f3n Vizca\u00edna de Monta\u00f1a","url":"https:\/\/bmf-fvm.org\/","logo":{"@type":"ImageObject","inLanguage":"eu","@id":"https:\/\/bmf-fvm.org\/#\/schema\/logo\/image\/","url":"https:\/\/bmf-fvm.org\/wp-content\/uploads\/2022\/03\/bmf-logo-trans.png","contentUrl":"https:\/\/bmf-fvm.org\/wp-content\/uploads\/2022\/03\/bmf-logo-trans.png","width":41,"height":61,"caption":"Federaci\u00f3n Vizca\u00edna de Monta\u00f1a"},"image":{"@id":"https:\/\/bmf-fvm.org\/#\/schema\/logo\/image\/"},"sameAs":["https:\/\/facebook.com\/pages\/Bmf-Fvm\/597553177057267"]},{"@type":"Person","@id":"https:\/\/bmf-fvm.org\/#\/schema\/person\/73b7127736a45b33089b3c7e844772a4","name":"Olga","image":{"@type":"ImageObject","inLanguage":"eu","@id":"https:\/\/secure.gravatar.com\/avatar\/71512f05c1507df0e8b89c5715c1c66d4058974ed7c9bf89edf2ca7ef15e75f9?s=96&d=mm&r=g","url":"https:\/\/secure.gravatar.com\/avatar\/71512f05c1507df0e8b89c5715c1c66d4058974ed7c9bf89edf2ca7ef15e75f9?s=96&d=mm&r=g","contentUrl":"https:\/\/secure.gravatar.com\/avatar\/71512f05c1507df0e8b89c5715c1c66d4058974ed7c9bf89edf2ca7ef15e75f9?s=96&d=mm&r=g","caption":"Olga"}}]}},"_links":{"self":[{"href":"https:\/\/bmf-fvm.org\/eu\/wp-json\/wp\/v2\/posts\/125803","targetHints":{"allow":["GET"]}}],"collection":[{"href":"https:\/\/bmf-fvm.org\/eu\/wp-json\/wp\/v2\/posts"}],"about":[{"href":"https:\/\/bmf-fvm.org\/eu\/wp-json\/wp\/v2\/types\/post"}],"author":[{"embeddable":true,"href":"https:\/\/bmf-fvm.org\/eu\/wp-json\/wp\/v2\/users\/16"}],"replies":[{"embeddable":true,"href":"https:\/\/bmf-fvm.org\/eu\/wp-json\/wp\/v2\/comments?post=125803"}],"version-history":[{"count":1,"href":"https:\/\/bmf-fvm.org\/eu\/wp-json\/wp\/v2\/posts\/125803\/revisions"}],"predecessor-version":[{"id":125804,"href":"https:\/\/bmf-fvm.org\/eu\/wp-json\/wp\/v2\/posts\/125803\/revisions\/125804"}],"wp:featuredmedia":[{"embeddable":true,"href":"https:\/\/bmf-fvm.org\/eu\/wp-json\/wp\/v2\/media\/125801"}],"wp:attachment":[{"href":"https:\/\/bmf-fvm.org\/eu\/wp-json\/wp\/v2\/media?parent=125803"}],"wp:term":[{"taxonomy":"category","embeddable":true,"href":"https:\/\/bmf-fvm.org\/eu\/wp-json\/wp\/v2\/categories?post=125803"},{"taxonomy":"post_tag","embeddable":true,"href":"https:\/\/bmf-fvm.org\/eu\/wp-json\/wp\/v2\/tags?post=125803"}],"curies":[{"name":"wp","href":"https:\/\/api.w.org\/{rel}","templated":true}]}}