{"id":124772,"date":"2026-03-09T12:57:56","date_gmt":"2026-03-09T11:57:56","guid":{"rendered":"https:\/\/bmf-fvm.org\/?p=124772"},"modified":"2026-03-10T10:06:00","modified_gmt":"2026-03-10T09:06:00","slug":"bizkaiko-ix-xendazaletasun-liga-berdintasunaren-aldeko-gailurrak-belatzgorri-m-t","status":"publish","type":"post","link":"https:\/\/bmf-fvm.org\/eu\/bizkaiko-ix-xendazaletasun-liga-berdintasunaren-aldeko-gailurrak-belatzgorri-m-t\/","title":{"rendered":"Bizkaiko IX.xendazaletasun liga-berdintasunaren aldeko gailurrak &#8211; Belatzgorri M.T"},"content":{"rendered":"<p>Joan den martxoaren 7an Urdulizen ospatu zen Berdintasunaren Aldeko Gailurrak VI. edizioa, Belatz Gorri Mendi Taldeak antolatuta.<\/p>\n<p>Eguraldia oso lagungarria izan ez bazen ere, 4350 mendizale inguru bildu ginen Urdulizen, elkarrekin berdintasunaren alde ibiltzeko mendian.<\/p>\n<p>Ekitaldian parte hartu zuten Bizkaiko Foru Aldundiko Kirol zuzendari nagusi Carlos Sergiok, Rosa P\u00e9rezek Euskal Mendizale Federazioaren ordezkari gisa, eta Urdulizko Udalaren aldetik Itziar Iratzagorria alkateak, Sonia S\u00e1nchez eta Veronica Garc\u00eda zinegotziekin batera. Hasieratik bertatik lanean aritu ziren jardunaldia arrakastatsua izan zedin.<\/p>\n<p>Martxa goizeko 9:00etan abiatu zen, eta 12 kilometro inguruko ibilbidea zuen Urduliz, Gatika eta Plentziako tokiko bidezidorretan barrena. Parte-hartzaileek leku eder eta esanguratsuak ezagutzeko aukera izan zuten, besteak beste Butroeko gaztelua, eta Isuskitzamendi tontorrera igotzeko aukera ere izan zuten.<\/p>\n<p>Martxa bukatutakoan, parte-hartzaile guztiek hamaiketako bikainaz gozatu ahal izan zuten, Belatz Gorriko boluntarioek prestatuta, eta Iratxo Gorri Dantza Taldearen dantza erakustaldiaz ere bai.<\/p>\n<p>Badago esaera bat dioena elkartasunak mendiak mugitzen dituela. Gure kasuan, honela esatea gustatzen zaigu: mendia maite duten pertsonek mundua mugitu dezakete.<\/p>\n<p>Ematen dugun urrats bakoitza aurrerapauso txiki bat da, eta irabazten dugun metro bakoitza gutxiago tontorrera iristeko.<\/p>\n<p>Eskerrik asko errealitate hau posible egin duzuen emakume guztiei. Eskerrik asko, halaber, berdintasunaren bidean gure ondoan ulertuz eta lagunduz doazen gizon guztiei.<\/p>\n<p>Eta eskerrak eman nahi dizkiegu, halaber, Urduliz, Plentzia eta Gatikako udalei, Belatz Gorriko boluntario taldeari, Bizkaiko Foru Aldundiari, Amaur anbulantziei eta Mauratza farmaziari.<\/p>\n<p>2027ko martxoan 6an ikusiko dugu elkar Barakaldon.<\/p>\n<p>Google Argazkiak estekan lagundu nahi baduzue, zuenak gehitu ditzakezue.<\/p>\n<p>\u2013 Berdintasunaren aldeko gailurren argazkiak: &gt;&gt;&gt;&gt; <strong><a href=\"https:\/\/photos.app.goo.gl\/9T6gWNsphs3aEFncA\">Klikatu hemen<\/a><\/strong><\/p>\n<p>&nbsp;<\/p>\n","protected":false},"excerpt":{"rendered":"<p>Joan den martxoaren 7an Urdulizen ospatu zen Berdintasunaren Aldeko Gailurrak VI. edizioa, Belatz Gorri Mendi Taldeak antolatuta. Eguraldia oso lagungarria&hellip;<\/p>\n","protected":false},"author":16,"featured_media":124770,"comment_status":"closed","ping_status":"closed","sticky":false,"template":"","format":"standard","meta":{"_acf_changed":false,"footnotes":""},"categories":[35],"tags":[],"class_list":["post-124772","post","type-post","status-publish","format-standard","has-post-thumbnail","hentry","category-uncategorized-eu","seccion-ibilbideak"],"acf":[],"yoast_head":"<!-- This site is optimized with the Yoast SEO plugin v27.3 - https:\/\/yoast.com\/product\/yoast-seo-wordpress\/ -->\n<title>Bizkaiko IX.xendazaletasun liga-berdintasunaren aldeko gailurrak - Belatzgorri M.T - Bizkaiko Mendizale Federazioa<\/title>\n<meta name=\"robots\" content=\"index, follow, max-snippet:-1, max-image-preview:large, max-video-preview:-1\" \/>\n<link rel=\"canonical\" href=\"https:\/\/bmf-fvm.org\/eu\/bizkaiko-ix-xendazaletasun-liga-berdintasunaren-aldeko-gailurrak-belatzgorri-m-t\/\" \/>\n<meta property=\"og:locale\" content=\"en_US\" \/>\n<meta property=\"og:type\" content=\"article\" \/>\n<meta property=\"og:title\" content=\"Bizkaiko IX.xendazaletasun liga-berdintasunaren aldeko gailurrak - Belatzgorri M.T - Bizkaiko Mendizale Federazioa\" \/>\n<meta property=\"og:description\" content=\"Joan den martxoaren 7an Urdulizen ospatu zen Berdintasunaren Aldeko Gailurrak VI. edizioa, Belatz Gorri Mendi Taldeak antolatuta. Eguraldia oso lagungarria&hellip;\" \/>\n<meta property=\"og:url\" content=\"https:\/\/bmf-fvm.org\/eu\/bizkaiko-ix-xendazaletasun-liga-berdintasunaren-aldeko-gailurrak-belatzgorri-m-t\/\" \/>\n<meta property=\"og:site_name\" content=\"Bizkaiko Mendizale Federazioa\" \/>\n<meta property=\"article:publisher\" content=\"https:\/\/facebook.com\/pages\/Bmf-Fvm\/597553177057267\" \/>\n<meta property=\"article:published_time\" content=\"2026-03-09T11:57:56+00:00\" \/>\n<meta property=\"article:modified_time\" content=\"2026-03-10T09:06:00+00:00\" \/>\n<meta property=\"og:image\" content=\"https:\/\/bmf-fvm.org\/wp-content\/uploads\/2026\/03\/IX.-Liga-Senderismo-Bizkaia-Cimas-Igualdad-120.jpg\" \/>\n\t<meta property=\"og:image:width\" content=\"1150\" \/>\n\t<meta property=\"og:image:height\" content=\"766\" \/>\n\t<meta property=\"og:image:type\" content=\"image\/jpeg\" \/>\n<meta name=\"author\" content=\"Olga\" \/>\n<meta name=\"twitter:card\" content=\"summary_large_image\" \/>\n<meta name=\"twitter:label1\" content=\"Written by\" \/>\n\t<meta name=\"twitter:data1\" content=\"Olga\" \/>\n\t<meta name=\"twitter:label2\" content=\"Est. reading time\" \/>\n\t<meta name=\"twitter:data2\" content=\"1 minutua\" \/>\n<script type=\"application\/ld+json\" class=\"yoast-schema-graph\">{\"@context\":\"https:\\\/\\\/schema.org\",\"@graph\":[{\"@type\":\"Article\",\"@id\":\"https:\\\/\\\/bmf-fvm.org\\\/eu\\\/bizkaiko-ix-xendazaletasun-liga-berdintasunaren-aldeko-gailurrak-belatzgorri-m-t\\\/#article\",\"isPartOf\":{\"@id\":\"https:\\\/\\\/bmf-fvm.org\\\/eu\\\/bizkaiko-ix-xendazaletasun-liga-berdintasunaren-aldeko-gailurrak-belatzgorri-m-t\\\/\"},\"author\":{\"name\":\"Olga\",\"@id\":\"https:\\\/\\\/bmf-fvm.org\\\/#\\\/schema\\\/person\\\/73b7127736a45b33089b3c7e844772a4\"},\"headline\":\"Bizkaiko IX.xendazaletasun liga-berdintasunaren aldeko gailurrak &#8211; Belatzgorri M.T\",\"datePublished\":\"2026-03-09T11:57:56+00:00\",\"dateModified\":\"2026-03-10T09:06:00+00:00\",\"mainEntityOfPage\":{\"@id\":\"https:\\\/\\\/bmf-fvm.org\\\/eu\\\/bizkaiko-ix-xendazaletasun-liga-berdintasunaren-aldeko-gailurrak-belatzgorri-m-t\\\/\"},\"wordCount\":259,\"publisher\":{\"@id\":\"https:\\\/\\\/bmf-fvm.org\\\/#organization\"},\"image\":{\"@id\":\"https:\\\/\\\/bmf-fvm.org\\\/eu\\\/bizkaiko-ix-xendazaletasun-liga-berdintasunaren-aldeko-gailurrak-belatzgorri-m-t\\\/#primaryimage\"},\"thumbnailUrl\":\"https:\\\/\\\/bmf-fvm.org\\\/wp-content\\\/uploads\\\/2026\\\/03\\\/IX.-Liga-Senderismo-Bizkaia-Cimas-Igualdad-120.jpg\",\"articleSection\":[\"Uncategorized @eu\"],\"inLanguage\":\"eu\"},{\"@type\":\"WebPage\",\"@id\":\"https:\\\/\\\/bmf-fvm.org\\\/eu\\\/bizkaiko-ix-xendazaletasun-liga-berdintasunaren-aldeko-gailurrak-belatzgorri-m-t\\\/\",\"url\":\"https:\\\/\\\/bmf-fvm.org\\\/eu\\\/bizkaiko-ix-xendazaletasun-liga-berdintasunaren-aldeko-gailurrak-belatzgorri-m-t\\\/\",\"name\":\"Bizkaiko IX.xendazaletasun liga-berdintasunaren aldeko gailurrak - Belatzgorri M.T - Bizkaiko Mendizale Federazioa\",\"isPartOf\":{\"@id\":\"https:\\\/\\\/bmf-fvm.org\\\/#website\"},\"primaryImageOfPage\":{\"@id\":\"https:\\\/\\\/bmf-fvm.org\\\/eu\\\/bizkaiko-ix-xendazaletasun-liga-berdintasunaren-aldeko-gailurrak-belatzgorri-m-t\\\/#primaryimage\"},\"image\":{\"@id\":\"https:\\\/\\\/bmf-fvm.org\\\/eu\\\/bizkaiko-ix-xendazaletasun-liga-berdintasunaren-aldeko-gailurrak-belatzgorri-m-t\\\/#primaryimage\"},\"thumbnailUrl\":\"https:\\\/\\\/bmf-fvm.org\\\/wp-content\\\/uploads\\\/2026\\\/03\\\/IX.-Liga-Senderismo-Bizkaia-Cimas-Igualdad-120.jpg\",\"datePublished\":\"2026-03-09T11:57:56+00:00\",\"dateModified\":\"2026-03-10T09:06:00+00:00\",\"breadcrumb\":{\"@id\":\"https:\\\/\\\/bmf-fvm.org\\\/eu\\\/bizkaiko-ix-xendazaletasun-liga-berdintasunaren-aldeko-gailurrak-belatzgorri-m-t\\\/#breadcrumb\"},\"inLanguage\":\"eu\",\"potentialAction\":[{\"@type\":\"ReadAction\",\"target\":[\"https:\\\/\\\/bmf-fvm.org\\\/eu\\\/bizkaiko-ix-xendazaletasun-liga-berdintasunaren-aldeko-gailurrak-belatzgorri-m-t\\\/\"]}]},{\"@type\":\"ImageObject\",\"inLanguage\":\"eu\",\"@id\":\"https:\\\/\\\/bmf-fvm.org\\\/eu\\\/bizkaiko-ix-xendazaletasun-liga-berdintasunaren-aldeko-gailurrak-belatzgorri-m-t\\\/#primaryimage\",\"url\":\"https:\\\/\\\/bmf-fvm.org\\\/wp-content\\\/uploads\\\/2026\\\/03\\\/IX.-Liga-Senderismo-Bizkaia-Cimas-Igualdad-120.jpg\",\"contentUrl\":\"https:\\\/\\\/bmf-fvm.org\\\/wp-content\\\/uploads\\\/2026\\\/03\\\/IX.-Liga-Senderismo-Bizkaia-Cimas-Igualdad-120.jpg\",\"width\":1150,\"height\":766},{\"@type\":\"BreadcrumbList\",\"@id\":\"https:\\\/\\\/bmf-fvm.org\\\/eu\\\/bizkaiko-ix-xendazaletasun-liga-berdintasunaren-aldeko-gailurrak-belatzgorri-m-t\\\/#breadcrumb\",\"itemListElement\":[{\"@type\":\"ListItem\",\"position\":1,\"name\":\"Portada\",\"item\":\"https:\\\/\\\/bmf-fvm.org\\\/eu\\\/\"},{\"@type\":\"ListItem\",\"position\":2,\"name\":\"Bizkaiko IX.xendazaletasun liga-berdintasunaren aldeko gailurrak &#8211; Belatzgorri M.T\"}]},{\"@type\":\"WebSite\",\"@id\":\"https:\\\/\\\/bmf-fvm.org\\\/#website\",\"url\":\"https:\\\/\\\/bmf-fvm.org\\\/\",\"name\":\"Bizkaiko Mendizale Federazioa\",\"description\":\"Bizkaiko Mendizale Federazioa\",\"publisher\":{\"@id\":\"https:\\\/\\\/bmf-fvm.org\\\/#organization\"},\"potentialAction\":[{\"@type\":\"SearchAction\",\"target\":{\"@type\":\"EntryPoint\",\"urlTemplate\":\"https:\\\/\\\/bmf-fvm.org\\\/?s={search_term_string}\"},\"query-input\":{\"@type\":\"PropertyValueSpecification\",\"valueRequired\":true,\"valueName\":\"search_term_string\"}}],\"inLanguage\":\"eu\"},{\"@type\":\"Organization\",\"@id\":\"https:\\\/\\\/bmf-fvm.org\\\/#organization\",\"name\":\"Federaci\u00f3n Vizca\u00edna de Monta\u00f1a\",\"url\":\"https:\\\/\\\/bmf-fvm.org\\\/\",\"logo\":{\"@type\":\"ImageObject\",\"inLanguage\":\"eu\",\"@id\":\"https:\\\/\\\/bmf-fvm.org\\\/#\\\/schema\\\/logo\\\/image\\\/\",\"url\":\"https:\\\/\\\/bmf-fvm.org\\\/wp-content\\\/uploads\\\/2022\\\/03\\\/bmf-logo-trans.png\",\"contentUrl\":\"https:\\\/\\\/bmf-fvm.org\\\/wp-content\\\/uploads\\\/2022\\\/03\\\/bmf-logo-trans.png\",\"width\":41,\"height\":61,\"caption\":\"Federaci\u00f3n Vizca\u00edna de Monta\u00f1a\"},\"image\":{\"@id\":\"https:\\\/\\\/bmf-fvm.org\\\/#\\\/schema\\\/logo\\\/image\\\/\"},\"sameAs\":[\"https:\\\/\\\/facebook.com\\\/pages\\\/Bmf-Fvm\\\/597553177057267\"]},{\"@type\":\"Person\",\"@id\":\"https:\\\/\\\/bmf-fvm.org\\\/#\\\/schema\\\/person\\\/73b7127736a45b33089b3c7e844772a4\",\"name\":\"Olga\",\"image\":{\"@type\":\"ImageObject\",\"inLanguage\":\"eu\",\"@id\":\"https:\\\/\\\/secure.gravatar.com\\\/avatar\\\/71512f05c1507df0e8b89c5715c1c66d4058974ed7c9bf89edf2ca7ef15e75f9?s=96&d=mm&r=g\",\"url\":\"https:\\\/\\\/secure.gravatar.com\\\/avatar\\\/71512f05c1507df0e8b89c5715c1c66d4058974ed7c9bf89edf2ca7ef15e75f9?s=96&d=mm&r=g\",\"contentUrl\":\"https:\\\/\\\/secure.gravatar.com\\\/avatar\\\/71512f05c1507df0e8b89c5715c1c66d4058974ed7c9bf89edf2ca7ef15e75f9?s=96&d=mm&r=g\",\"caption\":\"Olga\"}}]}<\/script>\n<!-- \/ Yoast SEO plugin. -->","yoast_head_json":{"title":"Bizkaiko IX.xendazaletasun liga-berdintasunaren aldeko gailurrak - Belatzgorri M.T - Bizkaiko Mendizale Federazioa","robots":{"index":"index","follow":"follow","max-snippet":"max-snippet:-1","max-image-preview":"max-image-preview:large","max-video-preview":"max-video-preview:-1"},"canonical":"https:\/\/bmf-fvm.org\/eu\/bizkaiko-ix-xendazaletasun-liga-berdintasunaren-aldeko-gailurrak-belatzgorri-m-t\/","og_locale":"en_US","og_type":"article","og_title":"Bizkaiko IX.xendazaletasun liga-berdintasunaren aldeko gailurrak - Belatzgorri M.T - Bizkaiko Mendizale Federazioa","og_description":"Joan den martxoaren 7an Urdulizen ospatu zen Berdintasunaren Aldeko Gailurrak VI. edizioa, Belatz Gorri Mendi Taldeak antolatuta. Eguraldia oso lagungarria&hellip;","og_url":"https:\/\/bmf-fvm.org\/eu\/bizkaiko-ix-xendazaletasun-liga-berdintasunaren-aldeko-gailurrak-belatzgorri-m-t\/","og_site_name":"Bizkaiko Mendizale Federazioa","article_publisher":"https:\/\/facebook.com\/pages\/Bmf-Fvm\/597553177057267","article_published_time":"2026-03-09T11:57:56+00:00","article_modified_time":"2026-03-10T09:06:00+00:00","og_image":[{"width":1150,"height":766,"url":"https:\/\/bmf-fvm.org\/wp-content\/uploads\/2026\/03\/IX.-Liga-Senderismo-Bizkaia-Cimas-Igualdad-120.jpg","type":"image\/jpeg"}],"author":"Olga","twitter_card":"summary_large_image","twitter_misc":{"Written by":"Olga","Est. reading time":"1 minutua"},"schema":{"@context":"https:\/\/schema.org","@graph":[{"@type":"Article","@id":"https:\/\/bmf-fvm.org\/eu\/bizkaiko-ix-xendazaletasun-liga-berdintasunaren-aldeko-gailurrak-belatzgorri-m-t\/#article","isPartOf":{"@id":"https:\/\/bmf-fvm.org\/eu\/bizkaiko-ix-xendazaletasun-liga-berdintasunaren-aldeko-gailurrak-belatzgorri-m-t\/"},"author":{"name":"Olga","@id":"https:\/\/bmf-fvm.org\/#\/schema\/person\/73b7127736a45b33089b3c7e844772a4"},"headline":"Bizkaiko IX.xendazaletasun liga-berdintasunaren aldeko gailurrak &#8211; Belatzgorri M.T","datePublished":"2026-03-09T11:57:56+00:00","dateModified":"2026-03-10T09:06:00+00:00","mainEntityOfPage":{"@id":"https:\/\/bmf-fvm.org\/eu\/bizkaiko-ix-xendazaletasun-liga-berdintasunaren-aldeko-gailurrak-belatzgorri-m-t\/"},"wordCount":259,"publisher":{"@id":"https:\/\/bmf-fvm.org\/#organization"},"image":{"@id":"https:\/\/bmf-fvm.org\/eu\/bizkaiko-ix-xendazaletasun-liga-berdintasunaren-aldeko-gailurrak-belatzgorri-m-t\/#primaryimage"},"thumbnailUrl":"https:\/\/bmf-fvm.org\/wp-content\/uploads\/2026\/03\/IX.-Liga-Senderismo-Bizkaia-Cimas-Igualdad-120.jpg","articleSection":["Uncategorized @eu"],"inLanguage":"eu"},{"@type":"WebPage","@id":"https:\/\/bmf-fvm.org\/eu\/bizkaiko-ix-xendazaletasun-liga-berdintasunaren-aldeko-gailurrak-belatzgorri-m-t\/","url":"https:\/\/bmf-fvm.org\/eu\/bizkaiko-ix-xendazaletasun-liga-berdintasunaren-aldeko-gailurrak-belatzgorri-m-t\/","name":"Bizkaiko IX.xendazaletasun liga-berdintasunaren aldeko gailurrak - Belatzgorri M.T - Bizkaiko Mendizale Federazioa","isPartOf":{"@id":"https:\/\/bmf-fvm.org\/#website"},"primaryImageOfPage":{"@id":"https:\/\/bmf-fvm.org\/eu\/bizkaiko-ix-xendazaletasun-liga-berdintasunaren-aldeko-gailurrak-belatzgorri-m-t\/#primaryimage"},"image":{"@id":"https:\/\/bmf-fvm.org\/eu\/bizkaiko-ix-xendazaletasun-liga-berdintasunaren-aldeko-gailurrak-belatzgorri-m-t\/#primaryimage"},"thumbnailUrl":"https:\/\/bmf-fvm.org\/wp-content\/uploads\/2026\/03\/IX.-Liga-Senderismo-Bizkaia-Cimas-Igualdad-120.jpg","datePublished":"2026-03-09T11:57:56+00:00","dateModified":"2026-03-10T09:06:00+00:00","breadcrumb":{"@id":"https:\/\/bmf-fvm.org\/eu\/bizkaiko-ix-xendazaletasun-liga-berdintasunaren-aldeko-gailurrak-belatzgorri-m-t\/#breadcrumb"},"inLanguage":"eu","potentialAction":[{"@type":"ReadAction","target":["https:\/\/bmf-fvm.org\/eu\/bizkaiko-ix-xendazaletasun-liga-berdintasunaren-aldeko-gailurrak-belatzgorri-m-t\/"]}]},{"@type":"ImageObject","inLanguage":"eu","@id":"https:\/\/bmf-fvm.org\/eu\/bizkaiko-ix-xendazaletasun-liga-berdintasunaren-aldeko-gailurrak-belatzgorri-m-t\/#primaryimage","url":"https:\/\/bmf-fvm.org\/wp-content\/uploads\/2026\/03\/IX.-Liga-Senderismo-Bizkaia-Cimas-Igualdad-120.jpg","contentUrl":"https:\/\/bmf-fvm.org\/wp-content\/uploads\/2026\/03\/IX.-Liga-Senderismo-Bizkaia-Cimas-Igualdad-120.jpg","width":1150,"height":766},{"@type":"BreadcrumbList","@id":"https:\/\/bmf-fvm.org\/eu\/bizkaiko-ix-xendazaletasun-liga-berdintasunaren-aldeko-gailurrak-belatzgorri-m-t\/#breadcrumb","itemListElement":[{"@type":"ListItem","position":1,"name":"Portada","item":"https:\/\/bmf-fvm.org\/eu\/"},{"@type":"ListItem","position":2,"name":"Bizkaiko IX.xendazaletasun liga-berdintasunaren aldeko gailurrak &#8211; Belatzgorri M.T"}]},{"@type":"WebSite","@id":"https:\/\/bmf-fvm.org\/#website","url":"https:\/\/bmf-fvm.org\/","name":"Bizkaiko Mendizale Federazioa","description":"Bizkaiko Mendizale Federazioa","publisher":{"@id":"https:\/\/bmf-fvm.org\/#organization"},"potentialAction":[{"@type":"SearchAction","target":{"@type":"EntryPoint","urlTemplate":"https:\/\/bmf-fvm.org\/?s={search_term_string}"},"query-input":{"@type":"PropertyValueSpecification","valueRequired":true,"valueName":"search_term_string"}}],"inLanguage":"eu"},{"@type":"Organization","@id":"https:\/\/bmf-fvm.org\/#organization","name":"Federaci\u00f3n Vizca\u00edna de Monta\u00f1a","url":"https:\/\/bmf-fvm.org\/","logo":{"@type":"ImageObject","inLanguage":"eu","@id":"https:\/\/bmf-fvm.org\/#\/schema\/logo\/image\/","url":"https:\/\/bmf-fvm.org\/wp-content\/uploads\/2022\/03\/bmf-logo-trans.png","contentUrl":"https:\/\/bmf-fvm.org\/wp-content\/uploads\/2022\/03\/bmf-logo-trans.png","width":41,"height":61,"caption":"Federaci\u00f3n Vizca\u00edna de Monta\u00f1a"},"image":{"@id":"https:\/\/bmf-fvm.org\/#\/schema\/logo\/image\/"},"sameAs":["https:\/\/facebook.com\/pages\/Bmf-Fvm\/597553177057267"]},{"@type":"Person","@id":"https:\/\/bmf-fvm.org\/#\/schema\/person\/73b7127736a45b33089b3c7e844772a4","name":"Olga","image":{"@type":"ImageObject","inLanguage":"eu","@id":"https:\/\/secure.gravatar.com\/avatar\/71512f05c1507df0e8b89c5715c1c66d4058974ed7c9bf89edf2ca7ef15e75f9?s=96&d=mm&r=g","url":"https:\/\/secure.gravatar.com\/avatar\/71512f05c1507df0e8b89c5715c1c66d4058974ed7c9bf89edf2ca7ef15e75f9?s=96&d=mm&r=g","contentUrl":"https:\/\/secure.gravatar.com\/avatar\/71512f05c1507df0e8b89c5715c1c66d4058974ed7c9bf89edf2ca7ef15e75f9?s=96&d=mm&r=g","caption":"Olga"}}]}},"_links":{"self":[{"href":"https:\/\/bmf-fvm.org\/eu\/wp-json\/wp\/v2\/posts\/124772","targetHints":{"allow":["GET"]}}],"collection":[{"href":"https:\/\/bmf-fvm.org\/eu\/wp-json\/wp\/v2\/posts"}],"about":[{"href":"https:\/\/bmf-fvm.org\/eu\/wp-json\/wp\/v2\/types\/post"}],"author":[{"embeddable":true,"href":"https:\/\/bmf-fvm.org\/eu\/wp-json\/wp\/v2\/users\/16"}],"replies":[{"embeddable":true,"href":"https:\/\/bmf-fvm.org\/eu\/wp-json\/wp\/v2\/comments?post=124772"}],"version-history":[{"count":2,"href":"https:\/\/bmf-fvm.org\/eu\/wp-json\/wp\/v2\/posts\/124772\/revisions"}],"predecessor-version":[{"id":125061,"href":"https:\/\/bmf-fvm.org\/eu\/wp-json\/wp\/v2\/posts\/124772\/revisions\/125061"}],"wp:featuredmedia":[{"embeddable":true,"href":"https:\/\/bmf-fvm.org\/eu\/wp-json\/wp\/v2\/media\/124770"}],"wp:attachment":[{"href":"https:\/\/bmf-fvm.org\/eu\/wp-json\/wp\/v2\/media?parent=124772"}],"wp:term":[{"taxonomy":"category","embeddable":true,"href":"https:\/\/bmf-fvm.org\/eu\/wp-json\/wp\/v2\/categories?post=124772"},{"taxonomy":"post_tag","embeddable":true,"href":"https:\/\/bmf-fvm.org\/eu\/wp-json\/wp\/v2\/tags?post=124772"}],"curies":[{"name":"wp","href":"https:\/\/api.w.org\/{rel}","templated":true}]}}