{"id":123595,"date":"2026-02-18T10:18:33","date_gmt":"2026-02-18T09:18:33","guid":{"rendered":"https:\/\/bmf-fvm.org\/?p=123595"},"modified":"2026-02-18T10:20:53","modified_gmt":"2026-02-18T09:20:53","slug":"gr-38-3-bidezidorra-behin-behineko-irekitzea","status":"publish","type":"post","link":"https:\/\/bmf-fvm.org\/eu\/gr-38-3-bidezidorra-behin-behineko-irekitzea\/","title":{"rendered":"GR\u00ae 38.3 bidezidorra behin-behineko irekitzea"},"content":{"rendered":"<p>Lea Ibarrako LGEtik jakinarazi digutenez, <a href=\"https:\/\/www.leaibarra.eus\/eu-ES\/lea-bailara\/Orriak\/gr-38-3.aspx\">ardoaren eta arrainaren ibilbidearen GR\u00ae 38.3<\/a> saihesbidea osorik egiteko moduan dago Munitibarretik Mendexako Marierrota itsasaldi errotaraino. Gizaburuagako pasabidean lanak hastea falta da eta horretaz garaiz jakinaraziko dizuegu, baina oraingoz, Lea ibaia lagun duzuela egin dezakezue ibilbide polit hau.<\/p>\n","protected":false},"excerpt":{"rendered":"<p>Lea Ibarrako LGEtik jakinarazi digutenez, ardoaren eta arrainaren ibilbidearen GR\u00ae 38.3 saihesbidea osorik egiteko moduan dago Munitibarretik Mendexako Marierrota itsasaldi&hellip;<\/p>\n","protected":false},"author":16,"featured_media":123592,"comment_status":"closed","ping_status":"closed","sticky":false,"template":"","format":"standard","meta":{"_acf_changed":false,"footnotes":""},"categories":[35],"tags":[],"class_list":["post-123595","post","type-post","status-publish","format-standard","has-post-thumbnail","hentry","category-uncategorized-eu","seccion-ibilbideak"],"acf":[],"yoast_head":"<!-- This site is optimized with the Yoast SEO plugin v27.3 - https:\/\/yoast.com\/product\/yoast-seo-wordpress\/ -->\n<title>GR\u00ae 38.3 bidezidorra behin-behineko irekitzea - Bizkaiko Mendizale Federazioa<\/title>\n<meta name=\"robots\" content=\"index, follow, max-snippet:-1, max-image-preview:large, max-video-preview:-1\" \/>\n<link rel=\"canonical\" href=\"https:\/\/bmf-fvm.org\/eu\/gr-38-3-bidezidorra-behin-behineko-irekitzea\/\" \/>\n<meta property=\"og:locale\" content=\"en_US\" \/>\n<meta property=\"og:type\" content=\"article\" \/>\n<meta property=\"og:title\" content=\"GR\u00ae 38.3 bidezidorra behin-behineko irekitzea - Bizkaiko Mendizale Federazioa\" \/>\n<meta property=\"og:description\" content=\"Lea Ibarrako LGEtik jakinarazi digutenez, ardoaren eta arrainaren ibilbidearen GR\u00ae 38.3 saihesbidea osorik egiteko moduan dago Munitibarretik Mendexako Marierrota itsasaldi&hellip;\" \/>\n<meta property=\"og:url\" content=\"https:\/\/bmf-fvm.org\/eu\/gr-38-3-bidezidorra-behin-behineko-irekitzea\/\" \/>\n<meta property=\"og:site_name\" content=\"Bizkaiko Mendizale Federazioa\" \/>\n<meta property=\"article:publisher\" content=\"https:\/\/facebook.com\/pages\/Bmf-Fvm\/597553177057267\" \/>\n<meta property=\"article:published_time\" content=\"2026-02-18T09:18:33+00:00\" \/>\n<meta property=\"article:modified_time\" content=\"2026-02-18T09:20:53+00:00\" \/>\n<meta property=\"og:image\" content=\"https:\/\/bmf-fvm.org\/wp-content\/uploads\/2026\/02\/20241106_115533-scaled.jpg\" \/>\n\t<meta property=\"og:image:width\" content=\"2560\" \/>\n\t<meta property=\"og:image:height\" content=\"1920\" \/>\n\t<meta property=\"og:image:type\" content=\"image\/jpeg\" \/>\n<meta name=\"author\" content=\"Olga\" \/>\n<meta name=\"twitter:card\" content=\"summary_large_image\" \/>\n<meta name=\"twitter:label1\" content=\"Written by\" \/>\n\t<meta name=\"twitter:data1\" content=\"Olga\" \/>\n<script type=\"application\/ld+json\" class=\"yoast-schema-graph\">{\"@context\":\"https:\\\/\\\/schema.org\",\"@graph\":[{\"@type\":\"Article\",\"@id\":\"https:\\\/\\\/bmf-fvm.org\\\/eu\\\/gr-38-3-bidezidorra-behin-behineko-irekitzea\\\/#article\",\"isPartOf\":{\"@id\":\"https:\\\/\\\/bmf-fvm.org\\\/eu\\\/gr-38-3-bidezidorra-behin-behineko-irekitzea\\\/\"},\"author\":{\"name\":\"Olga\",\"@id\":\"https:\\\/\\\/bmf-fvm.org\\\/#\\\/schema\\\/person\\\/73b7127736a45b33089b3c7e844772a4\"},\"headline\":\"GR\u00ae 38.3 bidezidorra behin-behineko irekitzea\",\"datePublished\":\"2026-02-18T09:18:33+00:00\",\"dateModified\":\"2026-02-18T09:20:53+00:00\",\"mainEntityOfPage\":{\"@id\":\"https:\\\/\\\/bmf-fvm.org\\\/eu\\\/gr-38-3-bidezidorra-behin-behineko-irekitzea\\\/\"},\"wordCount\":46,\"publisher\":{\"@id\":\"https:\\\/\\\/bmf-fvm.org\\\/#organization\"},\"image\":{\"@id\":\"https:\\\/\\\/bmf-fvm.org\\\/eu\\\/gr-38-3-bidezidorra-behin-behineko-irekitzea\\\/#primaryimage\"},\"thumbnailUrl\":\"https:\\\/\\\/bmf-fvm.org\\\/wp-content\\\/uploads\\\/2026\\\/02\\\/20241106_115533-scaled.jpg\",\"articleSection\":[\"Uncategorized @eu\"],\"inLanguage\":\"eu\"},{\"@type\":\"WebPage\",\"@id\":\"https:\\\/\\\/bmf-fvm.org\\\/eu\\\/gr-38-3-bidezidorra-behin-behineko-irekitzea\\\/\",\"url\":\"https:\\\/\\\/bmf-fvm.org\\\/eu\\\/gr-38-3-bidezidorra-behin-behineko-irekitzea\\\/\",\"name\":\"GR\u00ae 38.3 bidezidorra behin-behineko irekitzea - Bizkaiko Mendizale Federazioa\",\"isPartOf\":{\"@id\":\"https:\\\/\\\/bmf-fvm.org\\\/#website\"},\"primaryImageOfPage\":{\"@id\":\"https:\\\/\\\/bmf-fvm.org\\\/eu\\\/gr-38-3-bidezidorra-behin-behineko-irekitzea\\\/#primaryimage\"},\"image\":{\"@id\":\"https:\\\/\\\/bmf-fvm.org\\\/eu\\\/gr-38-3-bidezidorra-behin-behineko-irekitzea\\\/#primaryimage\"},\"thumbnailUrl\":\"https:\\\/\\\/bmf-fvm.org\\\/wp-content\\\/uploads\\\/2026\\\/02\\\/20241106_115533-scaled.jpg\",\"datePublished\":\"2026-02-18T09:18:33+00:00\",\"dateModified\":\"2026-02-18T09:20:53+00:00\",\"breadcrumb\":{\"@id\":\"https:\\\/\\\/bmf-fvm.org\\\/eu\\\/gr-38-3-bidezidorra-behin-behineko-irekitzea\\\/#breadcrumb\"},\"inLanguage\":\"eu\",\"potentialAction\":[{\"@type\":\"ReadAction\",\"target\":[\"https:\\\/\\\/bmf-fvm.org\\\/eu\\\/gr-38-3-bidezidorra-behin-behineko-irekitzea\\\/\"]}]},{\"@type\":\"ImageObject\",\"inLanguage\":\"eu\",\"@id\":\"https:\\\/\\\/bmf-fvm.org\\\/eu\\\/gr-38-3-bidezidorra-behin-behineko-irekitzea\\\/#primaryimage\",\"url\":\"https:\\\/\\\/bmf-fvm.org\\\/wp-content\\\/uploads\\\/2026\\\/02\\\/20241106_115533-scaled.jpg\",\"contentUrl\":\"https:\\\/\\\/bmf-fvm.org\\\/wp-content\\\/uploads\\\/2026\\\/02\\\/20241106_115533-scaled.jpg\",\"width\":2560,\"height\":1920},{\"@type\":\"BreadcrumbList\",\"@id\":\"https:\\\/\\\/bmf-fvm.org\\\/eu\\\/gr-38-3-bidezidorra-behin-behineko-irekitzea\\\/#breadcrumb\",\"itemListElement\":[{\"@type\":\"ListItem\",\"position\":1,\"name\":\"Portada\",\"item\":\"https:\\\/\\\/bmf-fvm.org\\\/eu\\\/\"},{\"@type\":\"ListItem\",\"position\":2,\"name\":\"GR\u00ae 38.3 bidezidorra behin-behineko irekitzea\"}]},{\"@type\":\"WebSite\",\"@id\":\"https:\\\/\\\/bmf-fvm.org\\\/#website\",\"url\":\"https:\\\/\\\/bmf-fvm.org\\\/\",\"name\":\"Bizkaiko Mendizale Federazioa\",\"description\":\"Bizkaiko Mendizale Federazioa\",\"publisher\":{\"@id\":\"https:\\\/\\\/bmf-fvm.org\\\/#organization\"},\"potentialAction\":[{\"@type\":\"SearchAction\",\"target\":{\"@type\":\"EntryPoint\",\"urlTemplate\":\"https:\\\/\\\/bmf-fvm.org\\\/?s={search_term_string}\"},\"query-input\":{\"@type\":\"PropertyValueSpecification\",\"valueRequired\":true,\"valueName\":\"search_term_string\"}}],\"inLanguage\":\"eu\"},{\"@type\":\"Organization\",\"@id\":\"https:\\\/\\\/bmf-fvm.org\\\/#organization\",\"name\":\"Federaci\u00f3n Vizca\u00edna de Monta\u00f1a\",\"url\":\"https:\\\/\\\/bmf-fvm.org\\\/\",\"logo\":{\"@type\":\"ImageObject\",\"inLanguage\":\"eu\",\"@id\":\"https:\\\/\\\/bmf-fvm.org\\\/#\\\/schema\\\/logo\\\/image\\\/\",\"url\":\"https:\\\/\\\/bmf-fvm.org\\\/wp-content\\\/uploads\\\/2022\\\/03\\\/bmf-logo-trans.png\",\"contentUrl\":\"https:\\\/\\\/bmf-fvm.org\\\/wp-content\\\/uploads\\\/2022\\\/03\\\/bmf-logo-trans.png\",\"width\":41,\"height\":61,\"caption\":\"Federaci\u00f3n Vizca\u00edna de Monta\u00f1a\"},\"image\":{\"@id\":\"https:\\\/\\\/bmf-fvm.org\\\/#\\\/schema\\\/logo\\\/image\\\/\"},\"sameAs\":[\"https:\\\/\\\/facebook.com\\\/pages\\\/Bmf-Fvm\\\/597553177057267\"]},{\"@type\":\"Person\",\"@id\":\"https:\\\/\\\/bmf-fvm.org\\\/#\\\/schema\\\/person\\\/73b7127736a45b33089b3c7e844772a4\",\"name\":\"Olga\",\"image\":{\"@type\":\"ImageObject\",\"inLanguage\":\"eu\",\"@id\":\"https:\\\/\\\/secure.gravatar.com\\\/avatar\\\/71512f05c1507df0e8b89c5715c1c66d4058974ed7c9bf89edf2ca7ef15e75f9?s=96&d=mm&r=g\",\"url\":\"https:\\\/\\\/secure.gravatar.com\\\/avatar\\\/71512f05c1507df0e8b89c5715c1c66d4058974ed7c9bf89edf2ca7ef15e75f9?s=96&d=mm&r=g\",\"contentUrl\":\"https:\\\/\\\/secure.gravatar.com\\\/avatar\\\/71512f05c1507df0e8b89c5715c1c66d4058974ed7c9bf89edf2ca7ef15e75f9?s=96&d=mm&r=g\",\"caption\":\"Olga\"}}]}<\/script>\n<!-- \/ Yoast SEO plugin. -->","yoast_head_json":{"title":"GR\u00ae 38.3 bidezidorra behin-behineko irekitzea - Bizkaiko Mendizale Federazioa","robots":{"index":"index","follow":"follow","max-snippet":"max-snippet:-1","max-image-preview":"max-image-preview:large","max-video-preview":"max-video-preview:-1"},"canonical":"https:\/\/bmf-fvm.org\/eu\/gr-38-3-bidezidorra-behin-behineko-irekitzea\/","og_locale":"en_US","og_type":"article","og_title":"GR\u00ae 38.3 bidezidorra behin-behineko irekitzea - Bizkaiko Mendizale Federazioa","og_description":"Lea Ibarrako LGEtik jakinarazi digutenez, ardoaren eta arrainaren ibilbidearen GR\u00ae 38.3 saihesbidea osorik egiteko moduan dago Munitibarretik Mendexako Marierrota itsasaldi&hellip;","og_url":"https:\/\/bmf-fvm.org\/eu\/gr-38-3-bidezidorra-behin-behineko-irekitzea\/","og_site_name":"Bizkaiko Mendizale Federazioa","article_publisher":"https:\/\/facebook.com\/pages\/Bmf-Fvm\/597553177057267","article_published_time":"2026-02-18T09:18:33+00:00","article_modified_time":"2026-02-18T09:20:53+00:00","og_image":[{"width":2560,"height":1920,"url":"https:\/\/bmf-fvm.org\/wp-content\/uploads\/2026\/02\/20241106_115533-scaled.jpg","type":"image\/jpeg"}],"author":"Olga","twitter_card":"summary_large_image","twitter_misc":{"Written by":"Olga"},"schema":{"@context":"https:\/\/schema.org","@graph":[{"@type":"Article","@id":"https:\/\/bmf-fvm.org\/eu\/gr-38-3-bidezidorra-behin-behineko-irekitzea\/#article","isPartOf":{"@id":"https:\/\/bmf-fvm.org\/eu\/gr-38-3-bidezidorra-behin-behineko-irekitzea\/"},"author":{"name":"Olga","@id":"https:\/\/bmf-fvm.org\/#\/schema\/person\/73b7127736a45b33089b3c7e844772a4"},"headline":"GR\u00ae 38.3 bidezidorra behin-behineko irekitzea","datePublished":"2026-02-18T09:18:33+00:00","dateModified":"2026-02-18T09:20:53+00:00","mainEntityOfPage":{"@id":"https:\/\/bmf-fvm.org\/eu\/gr-38-3-bidezidorra-behin-behineko-irekitzea\/"},"wordCount":46,"publisher":{"@id":"https:\/\/bmf-fvm.org\/#organization"},"image":{"@id":"https:\/\/bmf-fvm.org\/eu\/gr-38-3-bidezidorra-behin-behineko-irekitzea\/#primaryimage"},"thumbnailUrl":"https:\/\/bmf-fvm.org\/wp-content\/uploads\/2026\/02\/20241106_115533-scaled.jpg","articleSection":["Uncategorized @eu"],"inLanguage":"eu"},{"@type":"WebPage","@id":"https:\/\/bmf-fvm.org\/eu\/gr-38-3-bidezidorra-behin-behineko-irekitzea\/","url":"https:\/\/bmf-fvm.org\/eu\/gr-38-3-bidezidorra-behin-behineko-irekitzea\/","name":"GR\u00ae 38.3 bidezidorra behin-behineko irekitzea - Bizkaiko Mendizale Federazioa","isPartOf":{"@id":"https:\/\/bmf-fvm.org\/#website"},"primaryImageOfPage":{"@id":"https:\/\/bmf-fvm.org\/eu\/gr-38-3-bidezidorra-behin-behineko-irekitzea\/#primaryimage"},"image":{"@id":"https:\/\/bmf-fvm.org\/eu\/gr-38-3-bidezidorra-behin-behineko-irekitzea\/#primaryimage"},"thumbnailUrl":"https:\/\/bmf-fvm.org\/wp-content\/uploads\/2026\/02\/20241106_115533-scaled.jpg","datePublished":"2026-02-18T09:18:33+00:00","dateModified":"2026-02-18T09:20:53+00:00","breadcrumb":{"@id":"https:\/\/bmf-fvm.org\/eu\/gr-38-3-bidezidorra-behin-behineko-irekitzea\/#breadcrumb"},"inLanguage":"eu","potentialAction":[{"@type":"ReadAction","target":["https:\/\/bmf-fvm.org\/eu\/gr-38-3-bidezidorra-behin-behineko-irekitzea\/"]}]},{"@type":"ImageObject","inLanguage":"eu","@id":"https:\/\/bmf-fvm.org\/eu\/gr-38-3-bidezidorra-behin-behineko-irekitzea\/#primaryimage","url":"https:\/\/bmf-fvm.org\/wp-content\/uploads\/2026\/02\/20241106_115533-scaled.jpg","contentUrl":"https:\/\/bmf-fvm.org\/wp-content\/uploads\/2026\/02\/20241106_115533-scaled.jpg","width":2560,"height":1920},{"@type":"BreadcrumbList","@id":"https:\/\/bmf-fvm.org\/eu\/gr-38-3-bidezidorra-behin-behineko-irekitzea\/#breadcrumb","itemListElement":[{"@type":"ListItem","position":1,"name":"Portada","item":"https:\/\/bmf-fvm.org\/eu\/"},{"@type":"ListItem","position":2,"name":"GR\u00ae 38.3 bidezidorra behin-behineko irekitzea"}]},{"@type":"WebSite","@id":"https:\/\/bmf-fvm.org\/#website","url":"https:\/\/bmf-fvm.org\/","name":"Bizkaiko Mendizale Federazioa","description":"Bizkaiko Mendizale Federazioa","publisher":{"@id":"https:\/\/bmf-fvm.org\/#organization"},"potentialAction":[{"@type":"SearchAction","target":{"@type":"EntryPoint","urlTemplate":"https:\/\/bmf-fvm.org\/?s={search_term_string}"},"query-input":{"@type":"PropertyValueSpecification","valueRequired":true,"valueName":"search_term_string"}}],"inLanguage":"eu"},{"@type":"Organization","@id":"https:\/\/bmf-fvm.org\/#organization","name":"Federaci\u00f3n Vizca\u00edna de Monta\u00f1a","url":"https:\/\/bmf-fvm.org\/","logo":{"@type":"ImageObject","inLanguage":"eu","@id":"https:\/\/bmf-fvm.org\/#\/schema\/logo\/image\/","url":"https:\/\/bmf-fvm.org\/wp-content\/uploads\/2022\/03\/bmf-logo-trans.png","contentUrl":"https:\/\/bmf-fvm.org\/wp-content\/uploads\/2022\/03\/bmf-logo-trans.png","width":41,"height":61,"caption":"Federaci\u00f3n Vizca\u00edna de Monta\u00f1a"},"image":{"@id":"https:\/\/bmf-fvm.org\/#\/schema\/logo\/image\/"},"sameAs":["https:\/\/facebook.com\/pages\/Bmf-Fvm\/597553177057267"]},{"@type":"Person","@id":"https:\/\/bmf-fvm.org\/#\/schema\/person\/73b7127736a45b33089b3c7e844772a4","name":"Olga","image":{"@type":"ImageObject","inLanguage":"eu","@id":"https:\/\/secure.gravatar.com\/avatar\/71512f05c1507df0e8b89c5715c1c66d4058974ed7c9bf89edf2ca7ef15e75f9?s=96&d=mm&r=g","url":"https:\/\/secure.gravatar.com\/avatar\/71512f05c1507df0e8b89c5715c1c66d4058974ed7c9bf89edf2ca7ef15e75f9?s=96&d=mm&r=g","contentUrl":"https:\/\/secure.gravatar.com\/avatar\/71512f05c1507df0e8b89c5715c1c66d4058974ed7c9bf89edf2ca7ef15e75f9?s=96&d=mm&r=g","caption":"Olga"}}]}},"_links":{"self":[{"href":"https:\/\/bmf-fvm.org\/eu\/wp-json\/wp\/v2\/posts\/123595","targetHints":{"allow":["GET"]}}],"collection":[{"href":"https:\/\/bmf-fvm.org\/eu\/wp-json\/wp\/v2\/posts"}],"about":[{"href":"https:\/\/bmf-fvm.org\/eu\/wp-json\/wp\/v2\/types\/post"}],"author":[{"embeddable":true,"href":"https:\/\/bmf-fvm.org\/eu\/wp-json\/wp\/v2\/users\/16"}],"replies":[{"embeddable":true,"href":"https:\/\/bmf-fvm.org\/eu\/wp-json\/wp\/v2\/comments?post=123595"}],"version-history":[{"count":1,"href":"https:\/\/bmf-fvm.org\/eu\/wp-json\/wp\/v2\/posts\/123595\/revisions"}],"predecessor-version":[{"id":123596,"href":"https:\/\/bmf-fvm.org\/eu\/wp-json\/wp\/v2\/posts\/123595\/revisions\/123596"}],"wp:featuredmedia":[{"embeddable":true,"href":"https:\/\/bmf-fvm.org\/eu\/wp-json\/wp\/v2\/media\/123592"}],"wp:attachment":[{"href":"https:\/\/bmf-fvm.org\/eu\/wp-json\/wp\/v2\/media?parent=123595"}],"wp:term":[{"taxonomy":"category","embeddable":true,"href":"https:\/\/bmf-fvm.org\/eu\/wp-json\/wp\/v2\/categories?post=123595"},{"taxonomy":"post_tag","embeddable":true,"href":"https:\/\/bmf-fvm.org\/eu\/wp-json\/wp\/v2\/tags?post=123595"}],"curies":[{"name":"wp","href":"https:\/\/api.w.org\/{rel}","templated":true}]}}