{"id":116400,"date":"2025-03-17T10:00:54","date_gmt":"2025-03-17T09:00:54","guid":{"rendered":"https:\/\/bmf-fvm.org\/?p=116400"},"modified":"2025-03-17T10:03:28","modified_gmt":"2025-03-17T09:03:28","slug":"viii-bizkaiko-xendazaletasun-ligako-2-irteera-bbk-mendi-martxak-ganerantz-m-t","status":"publish","type":"post","link":"https:\/\/bmf-fvm.org\/eu\/viii-bizkaiko-xendazaletasun-ligako-2-irteera-bbk-mendi-martxak-ganerantz-m-t\/","title":{"rendered":"VIII. BIZKAIKO XENDAZALETASUN LIGAKO 2. IRTEERA-BBK MENDI MARTXAK-GANERANTZ M.T"},"content":{"rendered":"<p>Atzo, martxoak 16, jarraipena eman genion VIII. Bizkaiko Xendazaletasun Liga &#8211; BBK Mendi Martxak &#8211; Ganerantz M.T. 2. irteerarekin. Bertan, 400 lagunek 16 km pasatxoko ibilbidea egin zuten, zati batean GR\u00ae 123 Bizkaiko Itzulia bidezidorrarekin bat eginez, Bizkaia Zubia (Gizateriaren Ondarea), Serantes gazteluaren hondarrak eta tontorretik pasatzen Nerbioi ibaira eta abrara begira. Google Argazkiak estekan lagundu nahi baduzue, zuenak gehitu ditzakezue.<\/p>\n<p>&#8211;<strong><em><u> 2. Irteerako argazkiak<\/u><\/em><\/strong>: &gt;&gt;&gt; <a href=\"https:\/\/photos.app.goo.gl\/Xr9uWTNjJHCTMxwx9\">Hemen sakatu<\/a><\/p>\n<p>Eskerrik asko Portugalete, Santurtzi, Zierbena, Ortuella eta Abanto-Zierbenako Udalei, Ganerantz M.T.ko bolondrez taldeari., BBK, FEDME mendi-ibiliak, Amaur &amp; Anberne anbulantziak, #caminitodelrey eta Bizkaiko Foru Aldundiari.<\/p>\n","protected":false},"excerpt":{"rendered":"<p>Atzo, martxoak 16, jarraipena eman genion VIII. Bizkaiko Xendazaletasun Liga &#8211; BBK Mendi Martxak &#8211; Ganerantz M.T. 2. irteerarekin. Bertan,&hellip;<\/p>\n","protected":false},"author":16,"featured_media":116396,"comment_status":"closed","ping_status":"closed","sticky":false,"template":"","format":"standard","meta":{"_acf_changed":false,"footnotes":""},"categories":[35],"tags":[],"class_list":["post-116400","post","type-post","status-publish","format-standard","has-post-thumbnail","hentry","category-uncategorized-eu","seccion-ibilbideak"],"acf":[],"yoast_head":"<!-- This site is optimized with the Yoast SEO plugin v27.3 - https:\/\/yoast.com\/product\/yoast-seo-wordpress\/ -->\n<title>VIII. BIZKAIKO XENDAZALETASUN LIGAKO 2. IRTEERA-BBK MENDI MARTXAK-GANERANTZ M.T - Bizkaiko Mendizale Federazioa<\/title>\n<meta name=\"robots\" content=\"index, follow, max-snippet:-1, max-image-preview:large, max-video-preview:-1\" \/>\n<link rel=\"canonical\" href=\"https:\/\/bmf-fvm.org\/eu\/viii-bizkaiko-xendazaletasun-ligako-2-irteera-bbk-mendi-martxak-ganerantz-m-t\/\" \/>\n<meta property=\"og:locale\" content=\"en_US\" \/>\n<meta property=\"og:type\" content=\"article\" \/>\n<meta property=\"og:title\" content=\"VIII. BIZKAIKO XENDAZALETASUN LIGAKO 2. IRTEERA-BBK MENDI MARTXAK-GANERANTZ M.T - Bizkaiko Mendizale Federazioa\" \/>\n<meta property=\"og:description\" content=\"Atzo, martxoak 16, jarraipena eman genion VIII. Bizkaiko Xendazaletasun Liga &#8211; BBK Mendi Martxak &#8211; Ganerantz M.T. 2. irteerarekin. Bertan,&hellip;\" \/>\n<meta property=\"og:url\" content=\"https:\/\/bmf-fvm.org\/eu\/viii-bizkaiko-xendazaletasun-ligako-2-irteera-bbk-mendi-martxak-ganerantz-m-t\/\" \/>\n<meta property=\"og:site_name\" content=\"Bizkaiko Mendizale Federazioa\" \/>\n<meta property=\"article:publisher\" content=\"https:\/\/facebook.com\/pages\/Bmf-Fvm\/597553177057267\" \/>\n<meta property=\"article:published_time\" content=\"2025-03-17T09:00:54+00:00\" \/>\n<meta property=\"article:modified_time\" content=\"2025-03-17T09:03:28+00:00\" \/>\n<meta property=\"og:image\" content=\"https:\/\/bmf-fvm.org\/wp-content\/uploads\/2025\/03\/2a-BBK-Mendi-Martxak-Ganerantz-M.T-142.jpg\" \/>\n\t<meta property=\"og:image:width\" content=\"1440\" \/>\n\t<meta property=\"og:image:height\" content=\"660\" \/>\n\t<meta property=\"og:image:type\" content=\"image\/jpeg\" \/>\n<meta name=\"author\" content=\"Olga\" \/>\n<meta name=\"twitter:card\" content=\"summary_large_image\" \/>\n<meta name=\"twitter:label1\" content=\"Written by\" \/>\n\t<meta name=\"twitter:data1\" content=\"Olga\" \/>\n<script type=\"application\/ld+json\" class=\"yoast-schema-graph\">{\"@context\":\"https:\\\/\\\/schema.org\",\"@graph\":[{\"@type\":\"Article\",\"@id\":\"https:\\\/\\\/bmf-fvm.org\\\/eu\\\/viii-bizkaiko-xendazaletasun-ligako-2-irteera-bbk-mendi-martxak-ganerantz-m-t\\\/#article\",\"isPartOf\":{\"@id\":\"https:\\\/\\\/bmf-fvm.org\\\/eu\\\/viii-bizkaiko-xendazaletasun-ligako-2-irteera-bbk-mendi-martxak-ganerantz-m-t\\\/\"},\"author\":{\"name\":\"Olga\",\"@id\":\"https:\\\/\\\/bmf-fvm.org\\\/#\\\/schema\\\/person\\\/73b7127736a45b33089b3c7e844772a4\"},\"headline\":\"VIII. BIZKAIKO XENDAZALETASUN LIGAKO 2. IRTEERA-BBK MENDI MARTXAK-GANERANTZ M.T\",\"datePublished\":\"2025-03-17T09:00:54+00:00\",\"dateModified\":\"2025-03-17T09:03:28+00:00\",\"mainEntityOfPage\":{\"@id\":\"https:\\\/\\\/bmf-fvm.org\\\/eu\\\/viii-bizkaiko-xendazaletasun-ligako-2-irteera-bbk-mendi-martxak-ganerantz-m-t\\\/\"},\"wordCount\":101,\"publisher\":{\"@id\":\"https:\\\/\\\/bmf-fvm.org\\\/#organization\"},\"image\":{\"@id\":\"https:\\\/\\\/bmf-fvm.org\\\/eu\\\/viii-bizkaiko-xendazaletasun-ligako-2-irteera-bbk-mendi-martxak-ganerantz-m-t\\\/#primaryimage\"},\"thumbnailUrl\":\"https:\\\/\\\/bmf-fvm.org\\\/wp-content\\\/uploads\\\/2025\\\/03\\\/2a-BBK-Mendi-Martxak-Ganerantz-M.T-142.jpg\",\"articleSection\":[\"Uncategorized @eu\"],\"inLanguage\":\"eu\"},{\"@type\":\"WebPage\",\"@id\":\"https:\\\/\\\/bmf-fvm.org\\\/eu\\\/viii-bizkaiko-xendazaletasun-ligako-2-irteera-bbk-mendi-martxak-ganerantz-m-t\\\/\",\"url\":\"https:\\\/\\\/bmf-fvm.org\\\/eu\\\/viii-bizkaiko-xendazaletasun-ligako-2-irteera-bbk-mendi-martxak-ganerantz-m-t\\\/\",\"name\":\"VIII. BIZKAIKO XENDAZALETASUN LIGAKO 2. IRTEERA-BBK MENDI MARTXAK-GANERANTZ M.T - Bizkaiko Mendizale Federazioa\",\"isPartOf\":{\"@id\":\"https:\\\/\\\/bmf-fvm.org\\\/#website\"},\"primaryImageOfPage\":{\"@id\":\"https:\\\/\\\/bmf-fvm.org\\\/eu\\\/viii-bizkaiko-xendazaletasun-ligako-2-irteera-bbk-mendi-martxak-ganerantz-m-t\\\/#primaryimage\"},\"image\":{\"@id\":\"https:\\\/\\\/bmf-fvm.org\\\/eu\\\/viii-bizkaiko-xendazaletasun-ligako-2-irteera-bbk-mendi-martxak-ganerantz-m-t\\\/#primaryimage\"},\"thumbnailUrl\":\"https:\\\/\\\/bmf-fvm.org\\\/wp-content\\\/uploads\\\/2025\\\/03\\\/2a-BBK-Mendi-Martxak-Ganerantz-M.T-142.jpg\",\"datePublished\":\"2025-03-17T09:00:54+00:00\",\"dateModified\":\"2025-03-17T09:03:28+00:00\",\"breadcrumb\":{\"@id\":\"https:\\\/\\\/bmf-fvm.org\\\/eu\\\/viii-bizkaiko-xendazaletasun-ligako-2-irteera-bbk-mendi-martxak-ganerantz-m-t\\\/#breadcrumb\"},\"inLanguage\":\"eu\",\"potentialAction\":[{\"@type\":\"ReadAction\",\"target\":[\"https:\\\/\\\/bmf-fvm.org\\\/eu\\\/viii-bizkaiko-xendazaletasun-ligako-2-irteera-bbk-mendi-martxak-ganerantz-m-t\\\/\"]}]},{\"@type\":\"ImageObject\",\"inLanguage\":\"eu\",\"@id\":\"https:\\\/\\\/bmf-fvm.org\\\/eu\\\/viii-bizkaiko-xendazaletasun-ligako-2-irteera-bbk-mendi-martxak-ganerantz-m-t\\\/#primaryimage\",\"url\":\"https:\\\/\\\/bmf-fvm.org\\\/wp-content\\\/uploads\\\/2025\\\/03\\\/2a-BBK-Mendi-Martxak-Ganerantz-M.T-142.jpg\",\"contentUrl\":\"https:\\\/\\\/bmf-fvm.org\\\/wp-content\\\/uploads\\\/2025\\\/03\\\/2a-BBK-Mendi-Martxak-Ganerantz-M.T-142.jpg\",\"width\":1440,\"height\":660},{\"@type\":\"BreadcrumbList\",\"@id\":\"https:\\\/\\\/bmf-fvm.org\\\/eu\\\/viii-bizkaiko-xendazaletasun-ligako-2-irteera-bbk-mendi-martxak-ganerantz-m-t\\\/#breadcrumb\",\"itemListElement\":[{\"@type\":\"ListItem\",\"position\":1,\"name\":\"Portada\",\"item\":\"https:\\\/\\\/bmf-fvm.org\\\/eu\\\/\"},{\"@type\":\"ListItem\",\"position\":2,\"name\":\"VIII. BIZKAIKO XENDAZALETASUN LIGAKO 2. IRTEERA-BBK MENDI MARTXAK-GANERANTZ M.T\"}]},{\"@type\":\"WebSite\",\"@id\":\"https:\\\/\\\/bmf-fvm.org\\\/#website\",\"url\":\"https:\\\/\\\/bmf-fvm.org\\\/\",\"name\":\"Bizkaiko Mendizale Federazioa\",\"description\":\"Bizkaiko Mendizale Federazioa\",\"publisher\":{\"@id\":\"https:\\\/\\\/bmf-fvm.org\\\/#organization\"},\"potentialAction\":[{\"@type\":\"SearchAction\",\"target\":{\"@type\":\"EntryPoint\",\"urlTemplate\":\"https:\\\/\\\/bmf-fvm.org\\\/?s={search_term_string}\"},\"query-input\":{\"@type\":\"PropertyValueSpecification\",\"valueRequired\":true,\"valueName\":\"search_term_string\"}}],\"inLanguage\":\"eu\"},{\"@type\":\"Organization\",\"@id\":\"https:\\\/\\\/bmf-fvm.org\\\/#organization\",\"name\":\"Federaci\u00f3n Vizca\u00edna de Monta\u00f1a\",\"url\":\"https:\\\/\\\/bmf-fvm.org\\\/\",\"logo\":{\"@type\":\"ImageObject\",\"inLanguage\":\"eu\",\"@id\":\"https:\\\/\\\/bmf-fvm.org\\\/#\\\/schema\\\/logo\\\/image\\\/\",\"url\":\"https:\\\/\\\/bmf-fvm.org\\\/wp-content\\\/uploads\\\/2022\\\/03\\\/bmf-logo-trans.png\",\"contentUrl\":\"https:\\\/\\\/bmf-fvm.org\\\/wp-content\\\/uploads\\\/2022\\\/03\\\/bmf-logo-trans.png\",\"width\":41,\"height\":61,\"caption\":\"Federaci\u00f3n Vizca\u00edna de Monta\u00f1a\"},\"image\":{\"@id\":\"https:\\\/\\\/bmf-fvm.org\\\/#\\\/schema\\\/logo\\\/image\\\/\"},\"sameAs\":[\"https:\\\/\\\/facebook.com\\\/pages\\\/Bmf-Fvm\\\/597553177057267\"]},{\"@type\":\"Person\",\"@id\":\"https:\\\/\\\/bmf-fvm.org\\\/#\\\/schema\\\/person\\\/73b7127736a45b33089b3c7e844772a4\",\"name\":\"Olga\",\"image\":{\"@type\":\"ImageObject\",\"inLanguage\":\"eu\",\"@id\":\"https:\\\/\\\/secure.gravatar.com\\\/avatar\\\/71512f05c1507df0e8b89c5715c1c66d4058974ed7c9bf89edf2ca7ef15e75f9?s=96&d=mm&r=g\",\"url\":\"https:\\\/\\\/secure.gravatar.com\\\/avatar\\\/71512f05c1507df0e8b89c5715c1c66d4058974ed7c9bf89edf2ca7ef15e75f9?s=96&d=mm&r=g\",\"contentUrl\":\"https:\\\/\\\/secure.gravatar.com\\\/avatar\\\/71512f05c1507df0e8b89c5715c1c66d4058974ed7c9bf89edf2ca7ef15e75f9?s=96&d=mm&r=g\",\"caption\":\"Olga\"}}]}<\/script>\n<!-- \/ Yoast SEO plugin. -->","yoast_head_json":{"title":"VIII. BIZKAIKO XENDAZALETASUN LIGAKO 2. IRTEERA-BBK MENDI MARTXAK-GANERANTZ M.T - Bizkaiko Mendizale Federazioa","robots":{"index":"index","follow":"follow","max-snippet":"max-snippet:-1","max-image-preview":"max-image-preview:large","max-video-preview":"max-video-preview:-1"},"canonical":"https:\/\/bmf-fvm.org\/eu\/viii-bizkaiko-xendazaletasun-ligako-2-irteera-bbk-mendi-martxak-ganerantz-m-t\/","og_locale":"en_US","og_type":"article","og_title":"VIII. BIZKAIKO XENDAZALETASUN LIGAKO 2. IRTEERA-BBK MENDI MARTXAK-GANERANTZ M.T - Bizkaiko Mendizale Federazioa","og_description":"Atzo, martxoak 16, jarraipena eman genion VIII. Bizkaiko Xendazaletasun Liga &#8211; BBK Mendi Martxak &#8211; Ganerantz M.T. 2. irteerarekin. Bertan,&hellip;","og_url":"https:\/\/bmf-fvm.org\/eu\/viii-bizkaiko-xendazaletasun-ligako-2-irteera-bbk-mendi-martxak-ganerantz-m-t\/","og_site_name":"Bizkaiko Mendizale Federazioa","article_publisher":"https:\/\/facebook.com\/pages\/Bmf-Fvm\/597553177057267","article_published_time":"2025-03-17T09:00:54+00:00","article_modified_time":"2025-03-17T09:03:28+00:00","og_image":[{"width":1440,"height":660,"url":"https:\/\/bmf-fvm.org\/wp-content\/uploads\/2025\/03\/2a-BBK-Mendi-Martxak-Ganerantz-M.T-142.jpg","type":"image\/jpeg"}],"author":"Olga","twitter_card":"summary_large_image","twitter_misc":{"Written by":"Olga"},"schema":{"@context":"https:\/\/schema.org","@graph":[{"@type":"Article","@id":"https:\/\/bmf-fvm.org\/eu\/viii-bizkaiko-xendazaletasun-ligako-2-irteera-bbk-mendi-martxak-ganerantz-m-t\/#article","isPartOf":{"@id":"https:\/\/bmf-fvm.org\/eu\/viii-bizkaiko-xendazaletasun-ligako-2-irteera-bbk-mendi-martxak-ganerantz-m-t\/"},"author":{"name":"Olga","@id":"https:\/\/bmf-fvm.org\/#\/schema\/person\/73b7127736a45b33089b3c7e844772a4"},"headline":"VIII. BIZKAIKO XENDAZALETASUN LIGAKO 2. IRTEERA-BBK MENDI MARTXAK-GANERANTZ M.T","datePublished":"2025-03-17T09:00:54+00:00","dateModified":"2025-03-17T09:03:28+00:00","mainEntityOfPage":{"@id":"https:\/\/bmf-fvm.org\/eu\/viii-bizkaiko-xendazaletasun-ligako-2-irteera-bbk-mendi-martxak-ganerantz-m-t\/"},"wordCount":101,"publisher":{"@id":"https:\/\/bmf-fvm.org\/#organization"},"image":{"@id":"https:\/\/bmf-fvm.org\/eu\/viii-bizkaiko-xendazaletasun-ligako-2-irteera-bbk-mendi-martxak-ganerantz-m-t\/#primaryimage"},"thumbnailUrl":"https:\/\/bmf-fvm.org\/wp-content\/uploads\/2025\/03\/2a-BBK-Mendi-Martxak-Ganerantz-M.T-142.jpg","articleSection":["Uncategorized @eu"],"inLanguage":"eu"},{"@type":"WebPage","@id":"https:\/\/bmf-fvm.org\/eu\/viii-bizkaiko-xendazaletasun-ligako-2-irteera-bbk-mendi-martxak-ganerantz-m-t\/","url":"https:\/\/bmf-fvm.org\/eu\/viii-bizkaiko-xendazaletasun-ligako-2-irteera-bbk-mendi-martxak-ganerantz-m-t\/","name":"VIII. BIZKAIKO XENDAZALETASUN LIGAKO 2. IRTEERA-BBK MENDI MARTXAK-GANERANTZ M.T - Bizkaiko Mendizale Federazioa","isPartOf":{"@id":"https:\/\/bmf-fvm.org\/#website"},"primaryImageOfPage":{"@id":"https:\/\/bmf-fvm.org\/eu\/viii-bizkaiko-xendazaletasun-ligako-2-irteera-bbk-mendi-martxak-ganerantz-m-t\/#primaryimage"},"image":{"@id":"https:\/\/bmf-fvm.org\/eu\/viii-bizkaiko-xendazaletasun-ligako-2-irteera-bbk-mendi-martxak-ganerantz-m-t\/#primaryimage"},"thumbnailUrl":"https:\/\/bmf-fvm.org\/wp-content\/uploads\/2025\/03\/2a-BBK-Mendi-Martxak-Ganerantz-M.T-142.jpg","datePublished":"2025-03-17T09:00:54+00:00","dateModified":"2025-03-17T09:03:28+00:00","breadcrumb":{"@id":"https:\/\/bmf-fvm.org\/eu\/viii-bizkaiko-xendazaletasun-ligako-2-irteera-bbk-mendi-martxak-ganerantz-m-t\/#breadcrumb"},"inLanguage":"eu","potentialAction":[{"@type":"ReadAction","target":["https:\/\/bmf-fvm.org\/eu\/viii-bizkaiko-xendazaletasun-ligako-2-irteera-bbk-mendi-martxak-ganerantz-m-t\/"]}]},{"@type":"ImageObject","inLanguage":"eu","@id":"https:\/\/bmf-fvm.org\/eu\/viii-bizkaiko-xendazaletasun-ligako-2-irteera-bbk-mendi-martxak-ganerantz-m-t\/#primaryimage","url":"https:\/\/bmf-fvm.org\/wp-content\/uploads\/2025\/03\/2a-BBK-Mendi-Martxak-Ganerantz-M.T-142.jpg","contentUrl":"https:\/\/bmf-fvm.org\/wp-content\/uploads\/2025\/03\/2a-BBK-Mendi-Martxak-Ganerantz-M.T-142.jpg","width":1440,"height":660},{"@type":"BreadcrumbList","@id":"https:\/\/bmf-fvm.org\/eu\/viii-bizkaiko-xendazaletasun-ligako-2-irteera-bbk-mendi-martxak-ganerantz-m-t\/#breadcrumb","itemListElement":[{"@type":"ListItem","position":1,"name":"Portada","item":"https:\/\/bmf-fvm.org\/eu\/"},{"@type":"ListItem","position":2,"name":"VIII. BIZKAIKO XENDAZALETASUN LIGAKO 2. IRTEERA-BBK MENDI MARTXAK-GANERANTZ M.T"}]},{"@type":"WebSite","@id":"https:\/\/bmf-fvm.org\/#website","url":"https:\/\/bmf-fvm.org\/","name":"Bizkaiko Mendizale Federazioa","description":"Bizkaiko Mendizale Federazioa","publisher":{"@id":"https:\/\/bmf-fvm.org\/#organization"},"potentialAction":[{"@type":"SearchAction","target":{"@type":"EntryPoint","urlTemplate":"https:\/\/bmf-fvm.org\/?s={search_term_string}"},"query-input":{"@type":"PropertyValueSpecification","valueRequired":true,"valueName":"search_term_string"}}],"inLanguage":"eu"},{"@type":"Organization","@id":"https:\/\/bmf-fvm.org\/#organization","name":"Federaci\u00f3n Vizca\u00edna de Monta\u00f1a","url":"https:\/\/bmf-fvm.org\/","logo":{"@type":"ImageObject","inLanguage":"eu","@id":"https:\/\/bmf-fvm.org\/#\/schema\/logo\/image\/","url":"https:\/\/bmf-fvm.org\/wp-content\/uploads\/2022\/03\/bmf-logo-trans.png","contentUrl":"https:\/\/bmf-fvm.org\/wp-content\/uploads\/2022\/03\/bmf-logo-trans.png","width":41,"height":61,"caption":"Federaci\u00f3n Vizca\u00edna de Monta\u00f1a"},"image":{"@id":"https:\/\/bmf-fvm.org\/#\/schema\/logo\/image\/"},"sameAs":["https:\/\/facebook.com\/pages\/Bmf-Fvm\/597553177057267"]},{"@type":"Person","@id":"https:\/\/bmf-fvm.org\/#\/schema\/person\/73b7127736a45b33089b3c7e844772a4","name":"Olga","image":{"@type":"ImageObject","inLanguage":"eu","@id":"https:\/\/secure.gravatar.com\/avatar\/71512f05c1507df0e8b89c5715c1c66d4058974ed7c9bf89edf2ca7ef15e75f9?s=96&d=mm&r=g","url":"https:\/\/secure.gravatar.com\/avatar\/71512f05c1507df0e8b89c5715c1c66d4058974ed7c9bf89edf2ca7ef15e75f9?s=96&d=mm&r=g","contentUrl":"https:\/\/secure.gravatar.com\/avatar\/71512f05c1507df0e8b89c5715c1c66d4058974ed7c9bf89edf2ca7ef15e75f9?s=96&d=mm&r=g","caption":"Olga"}}]}},"_links":{"self":[{"href":"https:\/\/bmf-fvm.org\/eu\/wp-json\/wp\/v2\/posts\/116400","targetHints":{"allow":["GET"]}}],"collection":[{"href":"https:\/\/bmf-fvm.org\/eu\/wp-json\/wp\/v2\/posts"}],"about":[{"href":"https:\/\/bmf-fvm.org\/eu\/wp-json\/wp\/v2\/types\/post"}],"author":[{"embeddable":true,"href":"https:\/\/bmf-fvm.org\/eu\/wp-json\/wp\/v2\/users\/16"}],"replies":[{"embeddable":true,"href":"https:\/\/bmf-fvm.org\/eu\/wp-json\/wp\/v2\/comments?post=116400"}],"version-history":[{"count":0,"href":"https:\/\/bmf-fvm.org\/eu\/wp-json\/wp\/v2\/posts\/116400\/revisions"}],"wp:featuredmedia":[{"embeddable":true,"href":"https:\/\/bmf-fvm.org\/eu\/wp-json\/wp\/v2\/media\/116396"}],"wp:attachment":[{"href":"https:\/\/bmf-fvm.org\/eu\/wp-json\/wp\/v2\/media?parent=116400"}],"wp:term":[{"taxonomy":"category","embeddable":true,"href":"https:\/\/bmf-fvm.org\/eu\/wp-json\/wp\/v2\/categories?post=116400"},{"taxonomy":"post_tag","embeddable":true,"href":"https:\/\/bmf-fvm.org\/eu\/wp-json\/wp\/v2\/tags?post=116400"}],"curies":[{"name":"wp","href":"https:\/\/api.w.org\/{rel}","templated":true}]}}