{"id":114837,"date":"2025-01-30T13:28:24","date_gmt":"2025-01-30T12:28:24","guid":{"rendered":"https:\/\/bmf-fvm.org\/?p=114837"},"modified":"2025-01-30T13:28:24","modified_gmt":"2025-01-30T12:28:24","slug":"elur-jausien-eremuko-segurtasunari-buruzko-ikastaroa","status":"publish","type":"post","link":"https:\/\/bmf-fvm.org\/eu\/elur-jausien-eremuko-segurtasunari-buruzko-ikastaroa\/","title":{"rendered":"Elur-jausien eremuko segurtasunari buruzko ikastaroa"},"content":{"rendered":"<p>Bizkaiko Goi Mendi Eskola berriz ere martxan, eta federatuen kolektiboarentzako prestakuntza-ikastaroei ekin die berriro.<\/p>\n<p>Lehenengo ikastaroa elur-jausien inguruko ikastaroa izan da, eta ACNAren (Elurraren eta Elur-jausien Ezagutzarako Elkartea) laguntzarekin egin da.<\/p>\n<p>Federazioak gure federatu guztiei prestakuntza eskaintzen jarraituko du.<\/p>\n<div id='gallery-1' class='gallery galleryid-114837 gallery-columns-2 gallery-size-thumbnail'><figure class='gallery-item'>\n\t\t\t<div class='gallery-icon portrait'>\n\t\t\t\t<a href='https:\/\/bmf-fvm.org\/eu\/475121400_1426624818664068_5520236084586845485_n-2\/'><img loading=\"lazy\" decoding=\"async\" width=\"150\" height=\"150\" src=\"https:\/\/bmf-fvm.org\/wp-content\/uploads\/2025\/01\/475121400_1426624818664068_5520236084586845485_n-150x150.jpg\" class=\"attachment-thumbnail size-thumbnail\" alt=\"\" srcset=\"https:\/\/bmf-fvm.org\/wp-content\/uploads\/2025\/01\/475121400_1426624818664068_5520236084586845485_n-150x150.jpg 150w, https:\/\/bmf-fvm.org\/wp-content\/uploads\/2025\/01\/475121400_1426624818664068_5520236084586845485_n-468x468.jpg 468w\" sizes=\"auto, (max-width: 150px) 100vw, 150px\" \/><\/a>\n\t\t\t<\/div><\/figure><figure class='gallery-item'>\n\t\t\t<div class='gallery-icon landscape'>\n\t\t\t\t<a href='https:\/\/bmf-fvm.org\/eu\/475509044_1426624755330741_2201205720449996414_n-2\/'><img loading=\"lazy\" decoding=\"async\" width=\"150\" height=\"150\" src=\"https:\/\/bmf-fvm.org\/wp-content\/uploads\/2025\/01\/475509044_1426624755330741_2201205720449996414_n-150x150.jpg\" class=\"attachment-thumbnail size-thumbnail\" alt=\"\" srcset=\"https:\/\/bmf-fvm.org\/wp-content\/uploads\/2025\/01\/475509044_1426624755330741_2201205720449996414_n-150x150.jpg 150w, https:\/\/bmf-fvm.org\/wp-content\/uploads\/2025\/01\/475509044_1426624755330741_2201205720449996414_n-468x468.jpg 468w\" sizes=\"auto, (max-width: 150px) 100vw, 150px\" \/><\/a>\n\t\t\t<\/div><\/figure><figure class='gallery-item'>\n\t\t\t<div class='gallery-icon portrait'>\n\t\t\t\t<a href='https:\/\/bmf-fvm.org\/eu\/474875409_1426624761997407_2449601389835571362_n-2\/'><img loading=\"lazy\" decoding=\"async\" width=\"150\" height=\"150\" src=\"https:\/\/bmf-fvm.org\/wp-content\/uploads\/2025\/01\/474875409_1426624761997407_2449601389835571362_n-150x150.jpg\" class=\"attachment-thumbnail size-thumbnail\" alt=\"\" srcset=\"https:\/\/bmf-fvm.org\/wp-content\/uploads\/2025\/01\/474875409_1426624761997407_2449601389835571362_n-150x150.jpg 150w, https:\/\/bmf-fvm.org\/wp-content\/uploads\/2025\/01\/474875409_1426624761997407_2449601389835571362_n-468x468.jpg 468w\" sizes=\"auto, (max-width: 150px) 100vw, 150px\" \/><\/a>\n\t\t\t<\/div><\/figure><figure class='gallery-item'>\n\t\t\t<div class='gallery-icon landscape'>\n\t\t\t\t<a href='https:\/\/bmf-fvm.org\/eu\/475100300_1426624815330735_3867832479027209213_n-2\/'><img loading=\"lazy\" decoding=\"async\" width=\"150\" height=\"150\" src=\"https:\/\/bmf-fvm.org\/wp-content\/uploads\/2025\/01\/475100300_1426624815330735_3867832479027209213_n-150x150.jpg\" class=\"attachment-thumbnail size-thumbnail\" alt=\"\" srcset=\"https:\/\/bmf-fvm.org\/wp-content\/uploads\/2025\/01\/475100300_1426624815330735_3867832479027209213_n-150x150.jpg 150w, https:\/\/bmf-fvm.org\/wp-content\/uploads\/2025\/01\/475100300_1426624815330735_3867832479027209213_n-468x468.jpg 468w\" sizes=\"auto, (max-width: 150px) 100vw, 150px\" \/><\/a>\n\t\t\t<\/div><\/figure><figure class='gallery-item'>\n\t\t\t<div class='gallery-icon landscape'>\n\t\t\t\t<a href='https:\/\/bmf-fvm.org\/eu\/475540838_1426624921997391_5833794606568923198_n-2\/'><img loading=\"lazy\" decoding=\"async\" width=\"150\" height=\"150\" src=\"https:\/\/bmf-fvm.org\/wp-content\/uploads\/2025\/01\/475540838_1426624921997391_5833794606568923198_n-150x150.jpg\" class=\"attachment-thumbnail size-thumbnail\" alt=\"\" srcset=\"https:\/\/bmf-fvm.org\/wp-content\/uploads\/2025\/01\/475540838_1426624921997391_5833794606568923198_n-150x150.jpg 150w, https:\/\/bmf-fvm.org\/wp-content\/uploads\/2025\/01\/475540838_1426624921997391_5833794606568923198_n-468x468.jpg 468w\" sizes=\"auto, (max-width: 150px) 100vw, 150px\" \/><\/a>\n\t\t\t<\/div><\/figure>\n\t\t<\/div>\n\n","protected":false},"excerpt":{"rendered":"<p>Bizkaiko Goi Mendi Eskola berriz ere martxan, eta federatuen kolektiboarentzako prestakuntza-ikastaroei ekin die berriro. Lehenengo ikastaroa elur-jausien inguruko ikastaroa izan&hellip;<\/p>\n","protected":false},"author":4,"featured_media":114832,"comment_status":"closed","ping_status":"closed","sticky":false,"template":"","format":"standard","meta":{"_acf_changed":false,"footnotes":""},"categories":[35],"tags":[],"class_list":["post-114837","post","type-post","status-publish","format-standard","has-post-thumbnail","hentry","category-uncategorized-eu","seccion-goimendi-eskola"],"acf":[],"yoast_head":"<!-- This site is optimized with the Yoast SEO plugin v27.3 - https:\/\/yoast.com\/product\/yoast-seo-wordpress\/ -->\n<title>Elur-jausien eremuko segurtasunari buruzko ikastaroa - Bizkaiko Mendizale Federazioa<\/title>\n<meta name=\"robots\" content=\"index, follow, max-snippet:-1, max-image-preview:large, max-video-preview:-1\" \/>\n<link rel=\"canonical\" href=\"https:\/\/bmf-fvm.org\/eu\/elur-jausien-eremuko-segurtasunari-buruzko-ikastaroa\/\" \/>\n<meta property=\"og:locale\" content=\"en_US\" \/>\n<meta property=\"og:type\" content=\"article\" \/>\n<meta property=\"og:title\" content=\"Elur-jausien eremuko segurtasunari buruzko ikastaroa - Bizkaiko Mendizale Federazioa\" \/>\n<meta property=\"og:description\" content=\"Bizkaiko Goi Mendi Eskola berriz ere martxan, eta federatuen kolektiboarentzako prestakuntza-ikastaroei ekin die berriro. Lehenengo ikastaroa elur-jausien inguruko ikastaroa izan&hellip;\" \/>\n<meta property=\"og:url\" content=\"https:\/\/bmf-fvm.org\/eu\/elur-jausien-eremuko-segurtasunari-buruzko-ikastaroa\/\" \/>\n<meta property=\"og:site_name\" content=\"Bizkaiko Mendizale Federazioa\" \/>\n<meta property=\"article:publisher\" content=\"https:\/\/facebook.com\/pages\/Bmf-Fvm\/597553177057267\" \/>\n<meta property=\"article:published_time\" content=\"2025-01-30T12:28:24+00:00\" \/>\n<meta property=\"og:image\" content=\"https:\/\/bmf-fvm.org\/wp-content\/uploads\/2025\/01\/goi-eskola-scaled.jpg\" \/>\n\t<meta property=\"og:image:width\" content=\"2560\" \/>\n\t<meta property=\"og:image:height\" content=\"1182\" \/>\n\t<meta property=\"og:image:type\" content=\"image\/jpeg\" \/>\n<meta name=\"author\" content=\"Garbi\u00f1e\" \/>\n<meta name=\"twitter:card\" content=\"summary_large_image\" \/>\n<meta name=\"twitter:label1\" content=\"Written by\" \/>\n\t<meta name=\"twitter:data1\" content=\"Garbi\u00f1e\" \/>\n<script type=\"application\/ld+json\" class=\"yoast-schema-graph\">{\"@context\":\"https:\\\/\\\/schema.org\",\"@graph\":[{\"@type\":\"Article\",\"@id\":\"https:\\\/\\\/bmf-fvm.org\\\/eu\\\/elur-jausien-eremuko-segurtasunari-buruzko-ikastaroa\\\/#article\",\"isPartOf\":{\"@id\":\"https:\\\/\\\/bmf-fvm.org\\\/eu\\\/elur-jausien-eremuko-segurtasunari-buruzko-ikastaroa\\\/\"},\"author\":{\"name\":\"Garbi\u00f1e\",\"@id\":\"https:\\\/\\\/bmf-fvm.org\\\/#\\\/schema\\\/person\\\/ea0095d8d56b7126abe1dcde2019b922\"},\"headline\":\"Elur-jausien eremuko segurtasunari buruzko ikastaroa\",\"datePublished\":\"2025-01-30T12:28:24+00:00\",\"mainEntityOfPage\":{\"@id\":\"https:\\\/\\\/bmf-fvm.org\\\/eu\\\/elur-jausien-eremuko-segurtasunari-buruzko-ikastaroa\\\/\"},\"wordCount\":47,\"publisher\":{\"@id\":\"https:\\\/\\\/bmf-fvm.org\\\/#organization\"},\"image\":{\"@id\":\"https:\\\/\\\/bmf-fvm.org\\\/eu\\\/elur-jausien-eremuko-segurtasunari-buruzko-ikastaroa\\\/#primaryimage\"},\"thumbnailUrl\":\"https:\\\/\\\/bmf-fvm.org\\\/wp-content\\\/uploads\\\/2025\\\/01\\\/goi-eskola-scaled.jpg\",\"articleSection\":[\"Uncategorized @eu\"],\"inLanguage\":\"eu\"},{\"@type\":\"WebPage\",\"@id\":\"https:\\\/\\\/bmf-fvm.org\\\/eu\\\/elur-jausien-eremuko-segurtasunari-buruzko-ikastaroa\\\/\",\"url\":\"https:\\\/\\\/bmf-fvm.org\\\/eu\\\/elur-jausien-eremuko-segurtasunari-buruzko-ikastaroa\\\/\",\"name\":\"Elur-jausien eremuko segurtasunari buruzko ikastaroa - Bizkaiko Mendizale Federazioa\",\"isPartOf\":{\"@id\":\"https:\\\/\\\/bmf-fvm.org\\\/#website\"},\"primaryImageOfPage\":{\"@id\":\"https:\\\/\\\/bmf-fvm.org\\\/eu\\\/elur-jausien-eremuko-segurtasunari-buruzko-ikastaroa\\\/#primaryimage\"},\"image\":{\"@id\":\"https:\\\/\\\/bmf-fvm.org\\\/eu\\\/elur-jausien-eremuko-segurtasunari-buruzko-ikastaroa\\\/#primaryimage\"},\"thumbnailUrl\":\"https:\\\/\\\/bmf-fvm.org\\\/wp-content\\\/uploads\\\/2025\\\/01\\\/goi-eskola-scaled.jpg\",\"datePublished\":\"2025-01-30T12:28:24+00:00\",\"breadcrumb\":{\"@id\":\"https:\\\/\\\/bmf-fvm.org\\\/eu\\\/elur-jausien-eremuko-segurtasunari-buruzko-ikastaroa\\\/#breadcrumb\"},\"inLanguage\":\"eu\",\"potentialAction\":[{\"@type\":\"ReadAction\",\"target\":[\"https:\\\/\\\/bmf-fvm.org\\\/eu\\\/elur-jausien-eremuko-segurtasunari-buruzko-ikastaroa\\\/\"]}]},{\"@type\":\"ImageObject\",\"inLanguage\":\"eu\",\"@id\":\"https:\\\/\\\/bmf-fvm.org\\\/eu\\\/elur-jausien-eremuko-segurtasunari-buruzko-ikastaroa\\\/#primaryimage\",\"url\":\"https:\\\/\\\/bmf-fvm.org\\\/wp-content\\\/uploads\\\/2025\\\/01\\\/goi-eskola-scaled.jpg\",\"contentUrl\":\"https:\\\/\\\/bmf-fvm.org\\\/wp-content\\\/uploads\\\/2025\\\/01\\\/goi-eskola-scaled.jpg\",\"width\":2560,\"height\":1182},{\"@type\":\"BreadcrumbList\",\"@id\":\"https:\\\/\\\/bmf-fvm.org\\\/eu\\\/elur-jausien-eremuko-segurtasunari-buruzko-ikastaroa\\\/#breadcrumb\",\"itemListElement\":[{\"@type\":\"ListItem\",\"position\":1,\"name\":\"Portada\",\"item\":\"https:\\\/\\\/bmf-fvm.org\\\/eu\\\/\"},{\"@type\":\"ListItem\",\"position\":2,\"name\":\"Elur-jausien eremuko segurtasunari buruzko ikastaroa\"}]},{\"@type\":\"WebSite\",\"@id\":\"https:\\\/\\\/bmf-fvm.org\\\/#website\",\"url\":\"https:\\\/\\\/bmf-fvm.org\\\/\",\"name\":\"Bizkaiko Mendizale Federazioa\",\"description\":\"Bizkaiko Mendizale Federazioa\",\"publisher\":{\"@id\":\"https:\\\/\\\/bmf-fvm.org\\\/#organization\"},\"potentialAction\":[{\"@type\":\"SearchAction\",\"target\":{\"@type\":\"EntryPoint\",\"urlTemplate\":\"https:\\\/\\\/bmf-fvm.org\\\/?s={search_term_string}\"},\"query-input\":{\"@type\":\"PropertyValueSpecification\",\"valueRequired\":true,\"valueName\":\"search_term_string\"}}],\"inLanguage\":\"eu\"},{\"@type\":\"Organization\",\"@id\":\"https:\\\/\\\/bmf-fvm.org\\\/#organization\",\"name\":\"Federaci\u00f3n Vizca\u00edna de Monta\u00f1a\",\"url\":\"https:\\\/\\\/bmf-fvm.org\\\/\",\"logo\":{\"@type\":\"ImageObject\",\"inLanguage\":\"eu\",\"@id\":\"https:\\\/\\\/bmf-fvm.org\\\/#\\\/schema\\\/logo\\\/image\\\/\",\"url\":\"https:\\\/\\\/bmf-fvm.org\\\/wp-content\\\/uploads\\\/2022\\\/03\\\/bmf-logo-trans.png\",\"contentUrl\":\"https:\\\/\\\/bmf-fvm.org\\\/wp-content\\\/uploads\\\/2022\\\/03\\\/bmf-logo-trans.png\",\"width\":41,\"height\":61,\"caption\":\"Federaci\u00f3n Vizca\u00edna de Monta\u00f1a\"},\"image\":{\"@id\":\"https:\\\/\\\/bmf-fvm.org\\\/#\\\/schema\\\/logo\\\/image\\\/\"},\"sameAs\":[\"https:\\\/\\\/facebook.com\\\/pages\\\/Bmf-Fvm\\\/597553177057267\"]},{\"@type\":\"Person\",\"@id\":\"https:\\\/\\\/bmf-fvm.org\\\/#\\\/schema\\\/person\\\/ea0095d8d56b7126abe1dcde2019b922\",\"name\":\"Garbi\u00f1e\",\"image\":{\"@type\":\"ImageObject\",\"inLanguage\":\"eu\",\"@id\":\"https:\\\/\\\/secure.gravatar.com\\\/avatar\\\/0dfa99498ba484cdcc62754bec4dfbf40865eb51f67329efb591d006cb221ea9?s=96&d=mm&r=g\",\"url\":\"https:\\\/\\\/secure.gravatar.com\\\/avatar\\\/0dfa99498ba484cdcc62754bec4dfbf40865eb51f67329efb591d006cb221ea9?s=96&d=mm&r=g\",\"contentUrl\":\"https:\\\/\\\/secure.gravatar.com\\\/avatar\\\/0dfa99498ba484cdcc62754bec4dfbf40865eb51f67329efb591d006cb221ea9?s=96&d=mm&r=g\",\"caption\":\"Garbi\u00f1e\"}}]}<\/script>\n<!-- \/ Yoast SEO plugin. -->","yoast_head_json":{"title":"Elur-jausien eremuko segurtasunari buruzko ikastaroa - Bizkaiko Mendizale Federazioa","robots":{"index":"index","follow":"follow","max-snippet":"max-snippet:-1","max-image-preview":"max-image-preview:large","max-video-preview":"max-video-preview:-1"},"canonical":"https:\/\/bmf-fvm.org\/eu\/elur-jausien-eremuko-segurtasunari-buruzko-ikastaroa\/","og_locale":"en_US","og_type":"article","og_title":"Elur-jausien eremuko segurtasunari buruzko ikastaroa - Bizkaiko Mendizale Federazioa","og_description":"Bizkaiko Goi Mendi Eskola berriz ere martxan, eta federatuen kolektiboarentzako prestakuntza-ikastaroei ekin die berriro. Lehenengo ikastaroa elur-jausien inguruko ikastaroa izan&hellip;","og_url":"https:\/\/bmf-fvm.org\/eu\/elur-jausien-eremuko-segurtasunari-buruzko-ikastaroa\/","og_site_name":"Bizkaiko Mendizale Federazioa","article_publisher":"https:\/\/facebook.com\/pages\/Bmf-Fvm\/597553177057267","article_published_time":"2025-01-30T12:28:24+00:00","og_image":[{"width":2560,"height":1182,"url":"https:\/\/bmf-fvm.org\/wp-content\/uploads\/2025\/01\/goi-eskola-scaled.jpg","type":"image\/jpeg"}],"author":"Garbi\u00f1e","twitter_card":"summary_large_image","twitter_misc":{"Written by":"Garbi\u00f1e"},"schema":{"@context":"https:\/\/schema.org","@graph":[{"@type":"Article","@id":"https:\/\/bmf-fvm.org\/eu\/elur-jausien-eremuko-segurtasunari-buruzko-ikastaroa\/#article","isPartOf":{"@id":"https:\/\/bmf-fvm.org\/eu\/elur-jausien-eremuko-segurtasunari-buruzko-ikastaroa\/"},"author":{"name":"Garbi\u00f1e","@id":"https:\/\/bmf-fvm.org\/#\/schema\/person\/ea0095d8d56b7126abe1dcde2019b922"},"headline":"Elur-jausien eremuko segurtasunari buruzko ikastaroa","datePublished":"2025-01-30T12:28:24+00:00","mainEntityOfPage":{"@id":"https:\/\/bmf-fvm.org\/eu\/elur-jausien-eremuko-segurtasunari-buruzko-ikastaroa\/"},"wordCount":47,"publisher":{"@id":"https:\/\/bmf-fvm.org\/#organization"},"image":{"@id":"https:\/\/bmf-fvm.org\/eu\/elur-jausien-eremuko-segurtasunari-buruzko-ikastaroa\/#primaryimage"},"thumbnailUrl":"https:\/\/bmf-fvm.org\/wp-content\/uploads\/2025\/01\/goi-eskola-scaled.jpg","articleSection":["Uncategorized @eu"],"inLanguage":"eu"},{"@type":"WebPage","@id":"https:\/\/bmf-fvm.org\/eu\/elur-jausien-eremuko-segurtasunari-buruzko-ikastaroa\/","url":"https:\/\/bmf-fvm.org\/eu\/elur-jausien-eremuko-segurtasunari-buruzko-ikastaroa\/","name":"Elur-jausien eremuko segurtasunari buruzko ikastaroa - Bizkaiko Mendizale Federazioa","isPartOf":{"@id":"https:\/\/bmf-fvm.org\/#website"},"primaryImageOfPage":{"@id":"https:\/\/bmf-fvm.org\/eu\/elur-jausien-eremuko-segurtasunari-buruzko-ikastaroa\/#primaryimage"},"image":{"@id":"https:\/\/bmf-fvm.org\/eu\/elur-jausien-eremuko-segurtasunari-buruzko-ikastaroa\/#primaryimage"},"thumbnailUrl":"https:\/\/bmf-fvm.org\/wp-content\/uploads\/2025\/01\/goi-eskola-scaled.jpg","datePublished":"2025-01-30T12:28:24+00:00","breadcrumb":{"@id":"https:\/\/bmf-fvm.org\/eu\/elur-jausien-eremuko-segurtasunari-buruzko-ikastaroa\/#breadcrumb"},"inLanguage":"eu","potentialAction":[{"@type":"ReadAction","target":["https:\/\/bmf-fvm.org\/eu\/elur-jausien-eremuko-segurtasunari-buruzko-ikastaroa\/"]}]},{"@type":"ImageObject","inLanguage":"eu","@id":"https:\/\/bmf-fvm.org\/eu\/elur-jausien-eremuko-segurtasunari-buruzko-ikastaroa\/#primaryimage","url":"https:\/\/bmf-fvm.org\/wp-content\/uploads\/2025\/01\/goi-eskola-scaled.jpg","contentUrl":"https:\/\/bmf-fvm.org\/wp-content\/uploads\/2025\/01\/goi-eskola-scaled.jpg","width":2560,"height":1182},{"@type":"BreadcrumbList","@id":"https:\/\/bmf-fvm.org\/eu\/elur-jausien-eremuko-segurtasunari-buruzko-ikastaroa\/#breadcrumb","itemListElement":[{"@type":"ListItem","position":1,"name":"Portada","item":"https:\/\/bmf-fvm.org\/eu\/"},{"@type":"ListItem","position":2,"name":"Elur-jausien eremuko segurtasunari buruzko ikastaroa"}]},{"@type":"WebSite","@id":"https:\/\/bmf-fvm.org\/#website","url":"https:\/\/bmf-fvm.org\/","name":"Bizkaiko Mendizale Federazioa","description":"Bizkaiko Mendizale Federazioa","publisher":{"@id":"https:\/\/bmf-fvm.org\/#organization"},"potentialAction":[{"@type":"SearchAction","target":{"@type":"EntryPoint","urlTemplate":"https:\/\/bmf-fvm.org\/?s={search_term_string}"},"query-input":{"@type":"PropertyValueSpecification","valueRequired":true,"valueName":"search_term_string"}}],"inLanguage":"eu"},{"@type":"Organization","@id":"https:\/\/bmf-fvm.org\/#organization","name":"Federaci\u00f3n Vizca\u00edna de Monta\u00f1a","url":"https:\/\/bmf-fvm.org\/","logo":{"@type":"ImageObject","inLanguage":"eu","@id":"https:\/\/bmf-fvm.org\/#\/schema\/logo\/image\/","url":"https:\/\/bmf-fvm.org\/wp-content\/uploads\/2022\/03\/bmf-logo-trans.png","contentUrl":"https:\/\/bmf-fvm.org\/wp-content\/uploads\/2022\/03\/bmf-logo-trans.png","width":41,"height":61,"caption":"Federaci\u00f3n Vizca\u00edna de Monta\u00f1a"},"image":{"@id":"https:\/\/bmf-fvm.org\/#\/schema\/logo\/image\/"},"sameAs":["https:\/\/facebook.com\/pages\/Bmf-Fvm\/597553177057267"]},{"@type":"Person","@id":"https:\/\/bmf-fvm.org\/#\/schema\/person\/ea0095d8d56b7126abe1dcde2019b922","name":"Garbi\u00f1e","image":{"@type":"ImageObject","inLanguage":"eu","@id":"https:\/\/secure.gravatar.com\/avatar\/0dfa99498ba484cdcc62754bec4dfbf40865eb51f67329efb591d006cb221ea9?s=96&d=mm&r=g","url":"https:\/\/secure.gravatar.com\/avatar\/0dfa99498ba484cdcc62754bec4dfbf40865eb51f67329efb591d006cb221ea9?s=96&d=mm&r=g","contentUrl":"https:\/\/secure.gravatar.com\/avatar\/0dfa99498ba484cdcc62754bec4dfbf40865eb51f67329efb591d006cb221ea9?s=96&d=mm&r=g","caption":"Garbi\u00f1e"}}]}},"_links":{"self":[{"href":"https:\/\/bmf-fvm.org\/eu\/wp-json\/wp\/v2\/posts\/114837","targetHints":{"allow":["GET"]}}],"collection":[{"href":"https:\/\/bmf-fvm.org\/eu\/wp-json\/wp\/v2\/posts"}],"about":[{"href":"https:\/\/bmf-fvm.org\/eu\/wp-json\/wp\/v2\/types\/post"}],"author":[{"embeddable":true,"href":"https:\/\/bmf-fvm.org\/eu\/wp-json\/wp\/v2\/users\/4"}],"replies":[{"embeddable":true,"href":"https:\/\/bmf-fvm.org\/eu\/wp-json\/wp\/v2\/comments?post=114837"}],"version-history":[{"count":0,"href":"https:\/\/bmf-fvm.org\/eu\/wp-json\/wp\/v2\/posts\/114837\/revisions"}],"wp:featuredmedia":[{"embeddable":true,"href":"https:\/\/bmf-fvm.org\/eu\/wp-json\/wp\/v2\/media\/114832"}],"wp:attachment":[{"href":"https:\/\/bmf-fvm.org\/eu\/wp-json\/wp\/v2\/media?parent=114837"}],"wp:term":[{"taxonomy":"category","embeddable":true,"href":"https:\/\/bmf-fvm.org\/eu\/wp-json\/wp\/v2\/categories?post=114837"},{"taxonomy":"post_tag","embeddable":true,"href":"https:\/\/bmf-fvm.org\/eu\/wp-json\/wp\/v2\/tags?post=114837"}],"curies":[{"name":"wp","href":"https:\/\/api.w.org\/{rel}","templated":true}]}}