{"id":106962,"date":"2024-02-09T10:13:52","date_gmt":"2024-02-09T09:13:52","guid":{"rendered":"https:\/\/bmf-fvm.org\/?p=106962"},"modified":"2024-02-09T10:52:30","modified_gmt":"2024-02-09T09:52:30","slug":"hasi-da-iberiar-xendaletasun-liga-mendi-ibiliak-urratsez-urrats-practikatu","status":"publish","type":"post","link":"https:\/\/bmf-fvm.org\/eu\/hasi-da-iberiar-xendaletasun-liga-mendi-ibiliak-urratsez-urrats-practikatu\/","title":{"rendered":"Hasi da Iberiar xendaletasun liga Mendi ibiliak \u201cUrratsez Urrats\u201d praktikatu!"},"content":{"rendered":"<p>Iberiar Xendazaletasun Liga federazio autonomikoen eta FEDMEren, Portugaleko FCMP eta Andorrako FAM barne, arteko ahaleginen aliantza bat da, pertsonei eta klubei mendi-ibiliak egiten laguntzea helburu duena.<\/p>\n<p>Helburua mendi-ibilien praktika sustatzea da, lurralde osoan garatzen diren jarduerak argitaratuz, dibulgazio-sistema komun baten bidez.<\/p>\n<p>Urtebetean sei jarduera osatzen dituzten FEDME pertsona federatuak \u201cLS Finalistak\u201d identifikatu egingo dira. Sei mendi-ibilaldi horietako bat bere autonomia-erkidegokoa ez den lurralde batean egin beharko da.<\/p>\n<p>Xendazaletasun Liga hau zabaltzeko tresna nagusia FEDMEren \u201cUrratsez Urrats\u201d aplikazioa da, IOS eta Android-en eskuragarri.<span id=\"tgt_sent_0\"><\/span><\/p>\n<p><a href=\"https:\/\/play.google.com\/store\/apps\/details?id=com.fedme.senderismo&amp;pli=1\" target=\"_blank\" rel=\"noopener\"><img loading=\"lazy\" decoding=\"async\" class=\"alignnone wp-image-106976 size-full\" src=\"https:\/\/bmf-fvm.org\/wp-content\/uploads\/2024\/02\/Google-play.jpg\" alt=\"\" width=\"150\" height=\"49\" srcset=\"https:\/\/bmf-fvm.org\/wp-content\/uploads\/2024\/02\/Google-play.jpg 150w, https:\/\/bmf-fvm.org\/wp-content\/uploads\/2024\/02\/Google-play-100x33.jpg 100w\" sizes=\"auto, (max-width: 150px) 100vw, 150px\" \/><\/a><a href=\"https:\/\/apps.apple.com\/es\/app\/paso-a-paso-fedme\/id1605583394\"><img loading=\"lazy\" decoding=\"async\" class=\"alignnone wp-image-106974 size-full\" src=\"https:\/\/bmf-fvm.org\/wp-content\/uploads\/2024\/02\/app-Store.jpg\" alt=\"\" width=\"150\" height=\"49\" srcset=\"https:\/\/bmf-fvm.org\/wp-content\/uploads\/2024\/02\/app-Store.jpg 150w, https:\/\/bmf-fvm.org\/wp-content\/uploads\/2024\/02\/app-Store-100x33.jpg 100w\" sizes=\"auto, (max-width: 150px) 100vw, 150px\" \/><\/a><\/p>\n<p>BIZKAIKO XENDAZALETASUN VII. LIGAren irteera guztiak Iberiar Xendazaletasun Liga barruan egongo dira.<\/p>\n","protected":false},"excerpt":{"rendered":"<p>Iberiar Xendazaletasun Liga federazio autonomikoen eta FEDMEren, Portugaleko FCMP eta Andorrako FAM barne, arteko ahaleginen aliantza bat da, pertsonei eta&hellip;<\/p>\n","protected":false},"author":16,"featured_media":106961,"comment_status":"closed","ping_status":"closed","sticky":false,"template":"","format":"standard","meta":{"_acf_changed":false,"footnotes":""},"categories":[35],"tags":[],"class_list":["post-106962","post","type-post","status-publish","format-standard","has-post-thumbnail","hentry","category-uncategorized-eu","seccion-ibilbideak"],"acf":[],"yoast_head":"<!-- This site is optimized with the Yoast SEO plugin v27.3 - https:\/\/yoast.com\/product\/yoast-seo-wordpress\/ -->\n<title>Hasi da Iberiar xendaletasun liga Mendi ibiliak \u201cUrratsez Urrats\u201d praktikatu! - Bizkaiko Mendizale Federazioa<\/title>\n<meta name=\"robots\" content=\"index, follow, max-snippet:-1, max-image-preview:large, max-video-preview:-1\" \/>\n<link rel=\"canonical\" href=\"https:\/\/bmf-fvm.org\/eu\/hasi-da-iberiar-xendaletasun-liga-mendi-ibiliak-urratsez-urrats-practikatu\/\" \/>\n<meta property=\"og:locale\" content=\"en_US\" \/>\n<meta property=\"og:type\" content=\"article\" \/>\n<meta property=\"og:title\" content=\"Hasi da Iberiar xendaletasun liga Mendi ibiliak \u201cUrratsez Urrats\u201d praktikatu! - Bizkaiko Mendizale Federazioa\" \/>\n<meta property=\"og:description\" content=\"Iberiar Xendazaletasun Liga federazio autonomikoen eta FEDMEren, Portugaleko FCMP eta Andorrako FAM barne, arteko ahaleginen aliantza bat da, pertsonei eta&hellip;\" \/>\n<meta property=\"og:url\" content=\"https:\/\/bmf-fvm.org\/eu\/hasi-da-iberiar-xendaletasun-liga-mendi-ibiliak-urratsez-urrats-practikatu\/\" \/>\n<meta property=\"og:site_name\" content=\"Bizkaiko Mendizale Federazioa\" \/>\n<meta property=\"article:publisher\" content=\"https:\/\/facebook.com\/pages\/Bmf-Fvm\/597553177057267\" \/>\n<meta property=\"article:published_time\" content=\"2024-02-09T09:13:52+00:00\" \/>\n<meta property=\"article:modified_time\" content=\"2024-02-09T09:52:30+00:00\" \/>\n<meta property=\"og:image\" content=\"https:\/\/bmf-fvm.org\/wp-content\/uploads\/2024\/02\/Liga-Iberica-1.jpg\" \/>\n\t<meta property=\"og:image:width\" content=\"1620\" \/>\n\t<meta property=\"og:image:height\" content=\"1644\" \/>\n\t<meta property=\"og:image:type\" content=\"image\/jpeg\" \/>\n<meta name=\"author\" content=\"Olga\" \/>\n<meta name=\"twitter:card\" content=\"summary_large_image\" \/>\n<meta name=\"twitter:label1\" content=\"Written by\" \/>\n\t<meta name=\"twitter:data1\" content=\"Olga\" \/>\n<script type=\"application\/ld+json\" class=\"yoast-schema-graph\">{\"@context\":\"https:\\\/\\\/schema.org\",\"@graph\":[{\"@type\":\"Article\",\"@id\":\"https:\\\/\\\/bmf-fvm.org\\\/eu\\\/hasi-da-iberiar-xendaletasun-liga-mendi-ibiliak-urratsez-urrats-practikatu\\\/#article\",\"isPartOf\":{\"@id\":\"https:\\\/\\\/bmf-fvm.org\\\/eu\\\/hasi-da-iberiar-xendaletasun-liga-mendi-ibiliak-urratsez-urrats-practikatu\\\/\"},\"author\":{\"name\":\"Olga\",\"@id\":\"https:\\\/\\\/bmf-fvm.org\\\/#\\\/schema\\\/person\\\/73b7127736a45b33089b3c7e844772a4\"},\"headline\":\"Hasi da Iberiar xendaletasun liga Mendi ibiliak \u201cUrratsez Urrats\u201d praktikatu!\",\"datePublished\":\"2024-02-09T09:13:52+00:00\",\"dateModified\":\"2024-02-09T09:52:30+00:00\",\"mainEntityOfPage\":{\"@id\":\"https:\\\/\\\/bmf-fvm.org\\\/eu\\\/hasi-da-iberiar-xendaletasun-liga-mendi-ibiliak-urratsez-urrats-practikatu\\\/\"},\"wordCount\":104,\"publisher\":{\"@id\":\"https:\\\/\\\/bmf-fvm.org\\\/#organization\"},\"image\":{\"@id\":\"https:\\\/\\\/bmf-fvm.org\\\/eu\\\/hasi-da-iberiar-xendaletasun-liga-mendi-ibiliak-urratsez-urrats-practikatu\\\/#primaryimage\"},\"thumbnailUrl\":\"https:\\\/\\\/bmf-fvm.org\\\/wp-content\\\/uploads\\\/2024\\\/02\\\/Liga-Iberica-1.jpg\",\"articleSection\":[\"Uncategorized @eu\"],\"inLanguage\":\"eu\"},{\"@type\":\"WebPage\",\"@id\":\"https:\\\/\\\/bmf-fvm.org\\\/eu\\\/hasi-da-iberiar-xendaletasun-liga-mendi-ibiliak-urratsez-urrats-practikatu\\\/\",\"url\":\"https:\\\/\\\/bmf-fvm.org\\\/eu\\\/hasi-da-iberiar-xendaletasun-liga-mendi-ibiliak-urratsez-urrats-practikatu\\\/\",\"name\":\"Hasi da Iberiar xendaletasun liga Mendi ibiliak \u201cUrratsez Urrats\u201d praktikatu! - Bizkaiko Mendizale Federazioa\",\"isPartOf\":{\"@id\":\"https:\\\/\\\/bmf-fvm.org\\\/#website\"},\"primaryImageOfPage\":{\"@id\":\"https:\\\/\\\/bmf-fvm.org\\\/eu\\\/hasi-da-iberiar-xendaletasun-liga-mendi-ibiliak-urratsez-urrats-practikatu\\\/#primaryimage\"},\"image\":{\"@id\":\"https:\\\/\\\/bmf-fvm.org\\\/eu\\\/hasi-da-iberiar-xendaletasun-liga-mendi-ibiliak-urratsez-urrats-practikatu\\\/#primaryimage\"},\"thumbnailUrl\":\"https:\\\/\\\/bmf-fvm.org\\\/wp-content\\\/uploads\\\/2024\\\/02\\\/Liga-Iberica-1.jpg\",\"datePublished\":\"2024-02-09T09:13:52+00:00\",\"dateModified\":\"2024-02-09T09:52:30+00:00\",\"breadcrumb\":{\"@id\":\"https:\\\/\\\/bmf-fvm.org\\\/eu\\\/hasi-da-iberiar-xendaletasun-liga-mendi-ibiliak-urratsez-urrats-practikatu\\\/#breadcrumb\"},\"inLanguage\":\"eu\",\"potentialAction\":[{\"@type\":\"ReadAction\",\"target\":[\"https:\\\/\\\/bmf-fvm.org\\\/eu\\\/hasi-da-iberiar-xendaletasun-liga-mendi-ibiliak-urratsez-urrats-practikatu\\\/\"]}]},{\"@type\":\"ImageObject\",\"inLanguage\":\"eu\",\"@id\":\"https:\\\/\\\/bmf-fvm.org\\\/eu\\\/hasi-da-iberiar-xendaletasun-liga-mendi-ibiliak-urratsez-urrats-practikatu\\\/#primaryimage\",\"url\":\"https:\\\/\\\/bmf-fvm.org\\\/wp-content\\\/uploads\\\/2024\\\/02\\\/Liga-Iberica-1.jpg\",\"contentUrl\":\"https:\\\/\\\/bmf-fvm.org\\\/wp-content\\\/uploads\\\/2024\\\/02\\\/Liga-Iberica-1.jpg\",\"width\":1620,\"height\":1644},{\"@type\":\"BreadcrumbList\",\"@id\":\"https:\\\/\\\/bmf-fvm.org\\\/eu\\\/hasi-da-iberiar-xendaletasun-liga-mendi-ibiliak-urratsez-urrats-practikatu\\\/#breadcrumb\",\"itemListElement\":[{\"@type\":\"ListItem\",\"position\":1,\"name\":\"Portada\",\"item\":\"https:\\\/\\\/bmf-fvm.org\\\/eu\\\/\"},{\"@type\":\"ListItem\",\"position\":2,\"name\":\"Hasi da Iberiar xendaletasun liga Mendi ibiliak \u201cUrratsez Urrats\u201d praktikatu!\"}]},{\"@type\":\"WebSite\",\"@id\":\"https:\\\/\\\/bmf-fvm.org\\\/#website\",\"url\":\"https:\\\/\\\/bmf-fvm.org\\\/\",\"name\":\"Bizkaiko Mendizale Federazioa\",\"description\":\"Bizkaiko Mendizale Federazioa\",\"publisher\":{\"@id\":\"https:\\\/\\\/bmf-fvm.org\\\/#organization\"},\"potentialAction\":[{\"@type\":\"SearchAction\",\"target\":{\"@type\":\"EntryPoint\",\"urlTemplate\":\"https:\\\/\\\/bmf-fvm.org\\\/?s={search_term_string}\"},\"query-input\":{\"@type\":\"PropertyValueSpecification\",\"valueRequired\":true,\"valueName\":\"search_term_string\"}}],\"inLanguage\":\"eu\"},{\"@type\":\"Organization\",\"@id\":\"https:\\\/\\\/bmf-fvm.org\\\/#organization\",\"name\":\"Federaci\u00f3n Vizca\u00edna de Monta\u00f1a\",\"url\":\"https:\\\/\\\/bmf-fvm.org\\\/\",\"logo\":{\"@type\":\"ImageObject\",\"inLanguage\":\"eu\",\"@id\":\"https:\\\/\\\/bmf-fvm.org\\\/#\\\/schema\\\/logo\\\/image\\\/\",\"url\":\"https:\\\/\\\/bmf-fvm.org\\\/wp-content\\\/uploads\\\/2022\\\/03\\\/bmf-logo-trans.png\",\"contentUrl\":\"https:\\\/\\\/bmf-fvm.org\\\/wp-content\\\/uploads\\\/2022\\\/03\\\/bmf-logo-trans.png\",\"width\":41,\"height\":61,\"caption\":\"Federaci\u00f3n Vizca\u00edna de Monta\u00f1a\"},\"image\":{\"@id\":\"https:\\\/\\\/bmf-fvm.org\\\/#\\\/schema\\\/logo\\\/image\\\/\"},\"sameAs\":[\"https:\\\/\\\/facebook.com\\\/pages\\\/Bmf-Fvm\\\/597553177057267\"]},{\"@type\":\"Person\",\"@id\":\"https:\\\/\\\/bmf-fvm.org\\\/#\\\/schema\\\/person\\\/73b7127736a45b33089b3c7e844772a4\",\"name\":\"Olga\",\"image\":{\"@type\":\"ImageObject\",\"inLanguage\":\"eu\",\"@id\":\"https:\\\/\\\/secure.gravatar.com\\\/avatar\\\/71512f05c1507df0e8b89c5715c1c66d4058974ed7c9bf89edf2ca7ef15e75f9?s=96&d=mm&r=g\",\"url\":\"https:\\\/\\\/secure.gravatar.com\\\/avatar\\\/71512f05c1507df0e8b89c5715c1c66d4058974ed7c9bf89edf2ca7ef15e75f9?s=96&d=mm&r=g\",\"contentUrl\":\"https:\\\/\\\/secure.gravatar.com\\\/avatar\\\/71512f05c1507df0e8b89c5715c1c66d4058974ed7c9bf89edf2ca7ef15e75f9?s=96&d=mm&r=g\",\"caption\":\"Olga\"}}]}<\/script>\n<!-- \/ Yoast SEO plugin. -->","yoast_head_json":{"title":"Hasi da Iberiar xendaletasun liga Mendi ibiliak \u201cUrratsez Urrats\u201d praktikatu! - Bizkaiko Mendizale Federazioa","robots":{"index":"index","follow":"follow","max-snippet":"max-snippet:-1","max-image-preview":"max-image-preview:large","max-video-preview":"max-video-preview:-1"},"canonical":"https:\/\/bmf-fvm.org\/eu\/hasi-da-iberiar-xendaletasun-liga-mendi-ibiliak-urratsez-urrats-practikatu\/","og_locale":"en_US","og_type":"article","og_title":"Hasi da Iberiar xendaletasun liga Mendi ibiliak \u201cUrratsez Urrats\u201d praktikatu! - Bizkaiko Mendizale Federazioa","og_description":"Iberiar Xendazaletasun Liga federazio autonomikoen eta FEDMEren, Portugaleko FCMP eta Andorrako FAM barne, arteko ahaleginen aliantza bat da, pertsonei eta&hellip;","og_url":"https:\/\/bmf-fvm.org\/eu\/hasi-da-iberiar-xendaletasun-liga-mendi-ibiliak-urratsez-urrats-practikatu\/","og_site_name":"Bizkaiko Mendizale Federazioa","article_publisher":"https:\/\/facebook.com\/pages\/Bmf-Fvm\/597553177057267","article_published_time":"2024-02-09T09:13:52+00:00","article_modified_time":"2024-02-09T09:52:30+00:00","og_image":[{"width":1620,"height":1644,"url":"https:\/\/bmf-fvm.org\/wp-content\/uploads\/2024\/02\/Liga-Iberica-1.jpg","type":"image\/jpeg"}],"author":"Olga","twitter_card":"summary_large_image","twitter_misc":{"Written by":"Olga"},"schema":{"@context":"https:\/\/schema.org","@graph":[{"@type":"Article","@id":"https:\/\/bmf-fvm.org\/eu\/hasi-da-iberiar-xendaletasun-liga-mendi-ibiliak-urratsez-urrats-practikatu\/#article","isPartOf":{"@id":"https:\/\/bmf-fvm.org\/eu\/hasi-da-iberiar-xendaletasun-liga-mendi-ibiliak-urratsez-urrats-practikatu\/"},"author":{"name":"Olga","@id":"https:\/\/bmf-fvm.org\/#\/schema\/person\/73b7127736a45b33089b3c7e844772a4"},"headline":"Hasi da Iberiar xendaletasun liga Mendi ibiliak \u201cUrratsez Urrats\u201d praktikatu!","datePublished":"2024-02-09T09:13:52+00:00","dateModified":"2024-02-09T09:52:30+00:00","mainEntityOfPage":{"@id":"https:\/\/bmf-fvm.org\/eu\/hasi-da-iberiar-xendaletasun-liga-mendi-ibiliak-urratsez-urrats-practikatu\/"},"wordCount":104,"publisher":{"@id":"https:\/\/bmf-fvm.org\/#organization"},"image":{"@id":"https:\/\/bmf-fvm.org\/eu\/hasi-da-iberiar-xendaletasun-liga-mendi-ibiliak-urratsez-urrats-practikatu\/#primaryimage"},"thumbnailUrl":"https:\/\/bmf-fvm.org\/wp-content\/uploads\/2024\/02\/Liga-Iberica-1.jpg","articleSection":["Uncategorized @eu"],"inLanguage":"eu"},{"@type":"WebPage","@id":"https:\/\/bmf-fvm.org\/eu\/hasi-da-iberiar-xendaletasun-liga-mendi-ibiliak-urratsez-urrats-practikatu\/","url":"https:\/\/bmf-fvm.org\/eu\/hasi-da-iberiar-xendaletasun-liga-mendi-ibiliak-urratsez-urrats-practikatu\/","name":"Hasi da Iberiar xendaletasun liga Mendi ibiliak \u201cUrratsez Urrats\u201d praktikatu! - Bizkaiko Mendizale Federazioa","isPartOf":{"@id":"https:\/\/bmf-fvm.org\/#website"},"primaryImageOfPage":{"@id":"https:\/\/bmf-fvm.org\/eu\/hasi-da-iberiar-xendaletasun-liga-mendi-ibiliak-urratsez-urrats-practikatu\/#primaryimage"},"image":{"@id":"https:\/\/bmf-fvm.org\/eu\/hasi-da-iberiar-xendaletasun-liga-mendi-ibiliak-urratsez-urrats-practikatu\/#primaryimage"},"thumbnailUrl":"https:\/\/bmf-fvm.org\/wp-content\/uploads\/2024\/02\/Liga-Iberica-1.jpg","datePublished":"2024-02-09T09:13:52+00:00","dateModified":"2024-02-09T09:52:30+00:00","breadcrumb":{"@id":"https:\/\/bmf-fvm.org\/eu\/hasi-da-iberiar-xendaletasun-liga-mendi-ibiliak-urratsez-urrats-practikatu\/#breadcrumb"},"inLanguage":"eu","potentialAction":[{"@type":"ReadAction","target":["https:\/\/bmf-fvm.org\/eu\/hasi-da-iberiar-xendaletasun-liga-mendi-ibiliak-urratsez-urrats-practikatu\/"]}]},{"@type":"ImageObject","inLanguage":"eu","@id":"https:\/\/bmf-fvm.org\/eu\/hasi-da-iberiar-xendaletasun-liga-mendi-ibiliak-urratsez-urrats-practikatu\/#primaryimage","url":"https:\/\/bmf-fvm.org\/wp-content\/uploads\/2024\/02\/Liga-Iberica-1.jpg","contentUrl":"https:\/\/bmf-fvm.org\/wp-content\/uploads\/2024\/02\/Liga-Iberica-1.jpg","width":1620,"height":1644},{"@type":"BreadcrumbList","@id":"https:\/\/bmf-fvm.org\/eu\/hasi-da-iberiar-xendaletasun-liga-mendi-ibiliak-urratsez-urrats-practikatu\/#breadcrumb","itemListElement":[{"@type":"ListItem","position":1,"name":"Portada","item":"https:\/\/bmf-fvm.org\/eu\/"},{"@type":"ListItem","position":2,"name":"Hasi da Iberiar xendaletasun liga Mendi ibiliak \u201cUrratsez Urrats\u201d praktikatu!"}]},{"@type":"WebSite","@id":"https:\/\/bmf-fvm.org\/#website","url":"https:\/\/bmf-fvm.org\/","name":"Bizkaiko Mendizale Federazioa","description":"Bizkaiko Mendizale Federazioa","publisher":{"@id":"https:\/\/bmf-fvm.org\/#organization"},"potentialAction":[{"@type":"SearchAction","target":{"@type":"EntryPoint","urlTemplate":"https:\/\/bmf-fvm.org\/?s={search_term_string}"},"query-input":{"@type":"PropertyValueSpecification","valueRequired":true,"valueName":"search_term_string"}}],"inLanguage":"eu"},{"@type":"Organization","@id":"https:\/\/bmf-fvm.org\/#organization","name":"Federaci\u00f3n Vizca\u00edna de Monta\u00f1a","url":"https:\/\/bmf-fvm.org\/","logo":{"@type":"ImageObject","inLanguage":"eu","@id":"https:\/\/bmf-fvm.org\/#\/schema\/logo\/image\/","url":"https:\/\/bmf-fvm.org\/wp-content\/uploads\/2022\/03\/bmf-logo-trans.png","contentUrl":"https:\/\/bmf-fvm.org\/wp-content\/uploads\/2022\/03\/bmf-logo-trans.png","width":41,"height":61,"caption":"Federaci\u00f3n Vizca\u00edna de Monta\u00f1a"},"image":{"@id":"https:\/\/bmf-fvm.org\/#\/schema\/logo\/image\/"},"sameAs":["https:\/\/facebook.com\/pages\/Bmf-Fvm\/597553177057267"]},{"@type":"Person","@id":"https:\/\/bmf-fvm.org\/#\/schema\/person\/73b7127736a45b33089b3c7e844772a4","name":"Olga","image":{"@type":"ImageObject","inLanguage":"eu","@id":"https:\/\/secure.gravatar.com\/avatar\/71512f05c1507df0e8b89c5715c1c66d4058974ed7c9bf89edf2ca7ef15e75f9?s=96&d=mm&r=g","url":"https:\/\/secure.gravatar.com\/avatar\/71512f05c1507df0e8b89c5715c1c66d4058974ed7c9bf89edf2ca7ef15e75f9?s=96&d=mm&r=g","contentUrl":"https:\/\/secure.gravatar.com\/avatar\/71512f05c1507df0e8b89c5715c1c66d4058974ed7c9bf89edf2ca7ef15e75f9?s=96&d=mm&r=g","caption":"Olga"}}]}},"_links":{"self":[{"href":"https:\/\/bmf-fvm.org\/eu\/wp-json\/wp\/v2\/posts\/106962","targetHints":{"allow":["GET"]}}],"collection":[{"href":"https:\/\/bmf-fvm.org\/eu\/wp-json\/wp\/v2\/posts"}],"about":[{"href":"https:\/\/bmf-fvm.org\/eu\/wp-json\/wp\/v2\/types\/post"}],"author":[{"embeddable":true,"href":"https:\/\/bmf-fvm.org\/eu\/wp-json\/wp\/v2\/users\/16"}],"replies":[{"embeddable":true,"href":"https:\/\/bmf-fvm.org\/eu\/wp-json\/wp\/v2\/comments?post=106962"}],"version-history":[{"count":0,"href":"https:\/\/bmf-fvm.org\/eu\/wp-json\/wp\/v2\/posts\/106962\/revisions"}],"wp:featuredmedia":[{"embeddable":true,"href":"https:\/\/bmf-fvm.org\/eu\/wp-json\/wp\/v2\/media\/106961"}],"wp:attachment":[{"href":"https:\/\/bmf-fvm.org\/eu\/wp-json\/wp\/v2\/media?parent=106962"}],"wp:term":[{"taxonomy":"category","embeddable":true,"href":"https:\/\/bmf-fvm.org\/eu\/wp-json\/wp\/v2\/categories?post=106962"},{"taxonomy":"post_tag","embeddable":true,"href":"https:\/\/bmf-fvm.org\/eu\/wp-json\/wp\/v2\/tags?post=106962"}],"curies":[{"name":"wp","href":"https:\/\/api.w.org\/{rel}","templated":true}]}}