{"id":100390,"date":"2023-06-12T00:11:50","date_gmt":"2023-06-11T22:11:50","guid":{"rendered":"https:\/\/bmf-fvm.org\/?p=100390"},"modified":"2023-06-13T09:18:22","modified_gmt":"2023-06-13T07:18:22","slug":"pr-bi-105-106-107-el-grazal-burdin-hesia-luxar","status":"publish","type":"post","link":"https:\/\/bmf-fvm.org\/eu\/pr-bi-105-106-107-el-grazal-burdin-hesia-luxar\/","title":{"rendered":"PR BI 105, 106, 107 El Grazal-Burdin Hesia-Luxar"},"content":{"rendered":"<p><img loading=\"lazy\" decoding=\"async\" class=\" wp-image-100386 alignleft\" src=\"https:\/\/bmf-fvm.org\/wp-content\/uploads\/2023\/06\/20230611_110733-300x135.jpg\" alt=\"\" width=\"362\" height=\"163\" srcset=\"https:\/\/bmf-fvm.org\/wp-content\/uploads\/2023\/06\/20230611_110733-300x135.jpg 300w, https:\/\/bmf-fvm.org\/wp-content\/uploads\/2023\/06\/20230611_110733-1024x461.jpg 1024w, https:\/\/bmf-fvm.org\/wp-content\/uploads\/2023\/06\/20230611_110733-768x346.jpg 768w, https:\/\/bmf-fvm.org\/wp-content\/uploads\/2023\/06\/20230611_110733-1536x691.jpg 1536w, https:\/\/bmf-fvm.org\/wp-content\/uploads\/2023\/06\/20230611_110733-2048x922.jpg 2048w, https:\/\/bmf-fvm.org\/wp-content\/uploads\/2023\/06\/20230611_110733-100x45.jpg 100w, https:\/\/bmf-fvm.org\/wp-content\/uploads\/2023\/06\/20230611_110733-1612x725.jpg 1612w, https:\/\/bmf-fvm.org\/wp-content\/uploads\/2023\/06\/20230611_110733-1116x502.jpg 1116w, https:\/\/bmf-fvm.org\/wp-content\/uploads\/2023\/06\/20230611_110733-806x363.jpg 806w, https:\/\/bmf-fvm.org\/wp-content\/uploads\/2023\/06\/20230611_110733-558x251.jpg 558w, https:\/\/bmf-fvm.org\/wp-content\/uploads\/2023\/06\/20230611_110733-655x295.jpg 655w\" sizes=\"auto, (max-width: 362px) 100vw, 362px\" \/>Ekainaren 11n, igandea, 200 bat mendizalek parte hartu zuten <strong>Bizkaiko Xendazaletasun VI. Liga<\/strong>ko irteeran, <strong>PR BI 105, 106 eta 107<\/strong> bidezidorretan. Bidexka Sodupeko altxor natural handienetako batean sartu zen, Grazal errekaren ondoan dauden leku ederretatik barrena. Grazal Biotopo Babestua da, baso oparoz eta era askotako faunaz betea. Sakan baten azpian dago, Eretza mendiaren magalean.<\/p>\n<p>9: 00etan Sodupeko Herriko plazan G.M. Gallarragako boluntarioek irteera eman zuten. Lehenengo kilometroetan, ibaiaren ondotik ibili ziren, txirimiri etengabeak lagunduta, baina horrek ez zuen eragotzi baso-paisaia ikusgarri batez gozatzeko aukera izatea. Ibaiaren ibilgua egurrezko, burdinazko edo zementuzko zubietatik behin baino gehiagotan zeharkatu ondoren, landare-estalki trinko baten azpian jarraitu zuten, eta haltzen, hurritzen, urkien, haritzen eta gaztainondo handien ale batzuk ikusi ahal izan zituzten.<\/p>\n<p>Luxarreko gailurrera eraman zituen azken igoeraren aurretik, hornidura ikusgarriaz gozatu ahal izan zuten, eta, eta horrek indarberritzen lagundu zien, pixkanaka gora egiteko gailurreraino.<br \/>\nLuxar mendia artez inguratutako gailurra da, eta Trianoko mendien hegoaldeko muturrean dago. Behe-lainoak inguruko mendiak ikustea eragotzi zuen, hala nola Eretxa.<\/p>\n<p>Tontorraren ondoren,\u00a0 iritsi ziren helmugara, eta giro ona eta hamaiketako hobea izan zuten.<br \/>\nAipatu behar da gaur Valladolideko Carlos Garrachon Ariasek (Everest Mendi Klubekoa) eta Trota Rioja Mendi Elkarteko Alfredo Uriarte Bermejok parte hartu dutela.<\/p>\n<p>BMF-FVMk eskerrak eman nahi dizkie Sodupeko Udalari, Babes Zibilari eta, batez ere, G.A. Gallarragako boluntarioei, klubaren 50. urteurrena ospatzen ari baitira.<br \/>\nHurrengo hitzordua irailaren 10ean izango da. GR 123 (Bizkaiko Bira) bidezidorraren zati bat zeharkatuko dugu eta Portugaleteko Ganerantz Mendi Taldeak antolatuko du.<\/p>\n<p><a href=\"https:\/\/photos.app.goo.gl\/BeVUcHdLsyV1C6158\">Argazki albuma 1<\/a><\/p>\n<p><a href=\"https:\/\/photos.google.com\/share\/AF1QipMxgX97R5JdoHtKuEXbTXieZkFeqVPV2gqeRF4lBDHirx9--bxaeMLfXGHb1IwdYg?key=QXFxcGkwNWZfQktsUjhlQkpGRURZcjUyR3BNWF9n\">Argazki albuma 2<\/a><\/p>\n<p>&nbsp;<\/p>\n","protected":false},"excerpt":{"rendered":"<p>Ekainaren 11n, igandea, 200 bat mendizalek parte hartu zuten Bizkaiko Xendazaletasun VI. Ligako irteeran, PR BI 105, 106 eta 107&hellip;<\/p>\n","protected":false},"author":4,"featured_media":100384,"comment_status":"closed","ping_status":"closed","sticky":false,"template":"","format":"standard","meta":{"_acf_changed":false,"footnotes":""},"categories":[35],"tags":[],"class_list":["post-100390","post","type-post","status-publish","format-standard","has-post-thumbnail","hentry","category-uncategorized-eu","seccion-ibilbideak"],"acf":[],"yoast_head":"<!-- This site is optimized with the Yoast SEO plugin v27.3 - https:\/\/yoast.com\/product\/yoast-seo-wordpress\/ -->\n<title>PR BI 105, 106, 107 El Grazal-Burdin Hesia-Luxar - Bizkaiko Mendizale Federazioa<\/title>\n<meta name=\"robots\" content=\"index, follow, max-snippet:-1, max-image-preview:large, max-video-preview:-1\" \/>\n<link rel=\"canonical\" href=\"https:\/\/bmf-fvm.org\/eu\/pr-bi-105-106-107-el-grazal-burdin-hesia-luxar\/\" \/>\n<meta property=\"og:locale\" content=\"en_US\" \/>\n<meta property=\"og:type\" content=\"article\" \/>\n<meta property=\"og:title\" content=\"PR BI 105, 106, 107 El Grazal-Burdin Hesia-Luxar - Bizkaiko Mendizale Federazioa\" \/>\n<meta property=\"og:description\" content=\"Ekainaren 11n, igandea, 200 bat mendizalek parte hartu zuten Bizkaiko Xendazaletasun VI. Ligako irteeran, PR BI 105, 106 eta 107&hellip;\" \/>\n<meta property=\"og:url\" content=\"https:\/\/bmf-fvm.org\/eu\/pr-bi-105-106-107-el-grazal-burdin-hesia-luxar\/\" \/>\n<meta property=\"og:site_name\" content=\"Bizkaiko Mendizale Federazioa\" \/>\n<meta property=\"article:publisher\" content=\"https:\/\/facebook.com\/pages\/Bmf-Fvm\/597553177057267\" \/>\n<meta property=\"article:published_time\" content=\"2023-06-11T22:11:50+00:00\" \/>\n<meta property=\"article:modified_time\" content=\"2023-06-13T07:18:22+00:00\" \/>\n<meta property=\"og:image\" content=\"https:\/\/bmf-fvm.org\/wp-content\/uploads\/2023\/06\/20230611_134602-scaled-e1686520336436.jpg\" \/>\n\t<meta property=\"og:image:width\" content=\"2560\" \/>\n\t<meta property=\"og:image:height\" content=\"1152\" \/>\n\t<meta property=\"og:image:type\" content=\"image\/jpeg\" \/>\n<meta name=\"author\" content=\"Garbi\u00f1e\" \/>\n<meta name=\"twitter:card\" content=\"summary_large_image\" \/>\n<meta name=\"twitter:label1\" content=\"Written by\" \/>\n\t<meta name=\"twitter:data1\" content=\"Garbi\u00f1e\" \/>\n\t<meta name=\"twitter:label2\" content=\"Est. reading time\" \/>\n\t<meta name=\"twitter:data2\" content=\"1 minutua\" \/>\n<script type=\"application\/ld+json\" class=\"yoast-schema-graph\">{\"@context\":\"https:\\\/\\\/schema.org\",\"@graph\":[{\"@type\":\"Article\",\"@id\":\"https:\\\/\\\/bmf-fvm.org\\\/eu\\\/pr-bi-105-106-107-el-grazal-burdin-hesia-luxar\\\/#article\",\"isPartOf\":{\"@id\":\"https:\\\/\\\/bmf-fvm.org\\\/eu\\\/pr-bi-105-106-107-el-grazal-burdin-hesia-luxar\\\/\"},\"author\":{\"name\":\"Garbi\u00f1e\",\"@id\":\"https:\\\/\\\/bmf-fvm.org\\\/#\\\/schema\\\/person\\\/ea0095d8d56b7126abe1dcde2019b922\"},\"headline\":\"PR BI 105, 106, 107 El Grazal-Burdin Hesia-Luxar\",\"datePublished\":\"2023-06-11T22:11:50+00:00\",\"dateModified\":\"2023-06-13T07:18:22+00:00\",\"mainEntityOfPage\":{\"@id\":\"https:\\\/\\\/bmf-fvm.org\\\/eu\\\/pr-bi-105-106-107-el-grazal-burdin-hesia-luxar\\\/\"},\"wordCount\":244,\"publisher\":{\"@id\":\"https:\\\/\\\/bmf-fvm.org\\\/#organization\"},\"image\":{\"@id\":\"https:\\\/\\\/bmf-fvm.org\\\/eu\\\/pr-bi-105-106-107-el-grazal-burdin-hesia-luxar\\\/#primaryimage\"},\"thumbnailUrl\":\"https:\\\/\\\/bmf-fvm.org\\\/wp-content\\\/uploads\\\/2023\\\/06\\\/20230611_134602-scaled-e1686520336436.jpg\",\"articleSection\":[\"Uncategorized @eu\"],\"inLanguage\":\"eu\"},{\"@type\":\"WebPage\",\"@id\":\"https:\\\/\\\/bmf-fvm.org\\\/eu\\\/pr-bi-105-106-107-el-grazal-burdin-hesia-luxar\\\/\",\"url\":\"https:\\\/\\\/bmf-fvm.org\\\/eu\\\/pr-bi-105-106-107-el-grazal-burdin-hesia-luxar\\\/\",\"name\":\"PR BI 105, 106, 107 El Grazal-Burdin Hesia-Luxar - Bizkaiko Mendizale Federazioa\",\"isPartOf\":{\"@id\":\"https:\\\/\\\/bmf-fvm.org\\\/#website\"},\"primaryImageOfPage\":{\"@id\":\"https:\\\/\\\/bmf-fvm.org\\\/eu\\\/pr-bi-105-106-107-el-grazal-burdin-hesia-luxar\\\/#primaryimage\"},\"image\":{\"@id\":\"https:\\\/\\\/bmf-fvm.org\\\/eu\\\/pr-bi-105-106-107-el-grazal-burdin-hesia-luxar\\\/#primaryimage\"},\"thumbnailUrl\":\"https:\\\/\\\/bmf-fvm.org\\\/wp-content\\\/uploads\\\/2023\\\/06\\\/20230611_134602-scaled-e1686520336436.jpg\",\"datePublished\":\"2023-06-11T22:11:50+00:00\",\"dateModified\":\"2023-06-13T07:18:22+00:00\",\"breadcrumb\":{\"@id\":\"https:\\\/\\\/bmf-fvm.org\\\/eu\\\/pr-bi-105-106-107-el-grazal-burdin-hesia-luxar\\\/#breadcrumb\"},\"inLanguage\":\"eu\",\"potentialAction\":[{\"@type\":\"ReadAction\",\"target\":[\"https:\\\/\\\/bmf-fvm.org\\\/eu\\\/pr-bi-105-106-107-el-grazal-burdin-hesia-luxar\\\/\"]}]},{\"@type\":\"ImageObject\",\"inLanguage\":\"eu\",\"@id\":\"https:\\\/\\\/bmf-fvm.org\\\/eu\\\/pr-bi-105-106-107-el-grazal-burdin-hesia-luxar\\\/#primaryimage\",\"url\":\"https:\\\/\\\/bmf-fvm.org\\\/wp-content\\\/uploads\\\/2023\\\/06\\\/20230611_134602-scaled-e1686520336436.jpg\",\"contentUrl\":\"https:\\\/\\\/bmf-fvm.org\\\/wp-content\\\/uploads\\\/2023\\\/06\\\/20230611_134602-scaled-e1686520336436.jpg\",\"width\":2560,\"height\":1152},{\"@type\":\"BreadcrumbList\",\"@id\":\"https:\\\/\\\/bmf-fvm.org\\\/eu\\\/pr-bi-105-106-107-el-grazal-burdin-hesia-luxar\\\/#breadcrumb\",\"itemListElement\":[{\"@type\":\"ListItem\",\"position\":1,\"name\":\"Portada\",\"item\":\"https:\\\/\\\/bmf-fvm.org\\\/eu\\\/\"},{\"@type\":\"ListItem\",\"position\":2,\"name\":\"PR BI 105, 106, 107 El Grazal-Burdin Hesia-Luxar\"}]},{\"@type\":\"WebSite\",\"@id\":\"https:\\\/\\\/bmf-fvm.org\\\/#website\",\"url\":\"https:\\\/\\\/bmf-fvm.org\\\/\",\"name\":\"Bizkaiko Mendizale Federazioa\",\"description\":\"Bizkaiko Mendizale Federazioa\",\"publisher\":{\"@id\":\"https:\\\/\\\/bmf-fvm.org\\\/#organization\"},\"potentialAction\":[{\"@type\":\"SearchAction\",\"target\":{\"@type\":\"EntryPoint\",\"urlTemplate\":\"https:\\\/\\\/bmf-fvm.org\\\/?s={search_term_string}\"},\"query-input\":{\"@type\":\"PropertyValueSpecification\",\"valueRequired\":true,\"valueName\":\"search_term_string\"}}],\"inLanguage\":\"eu\"},{\"@type\":\"Organization\",\"@id\":\"https:\\\/\\\/bmf-fvm.org\\\/#organization\",\"name\":\"Federaci\u00f3n Vizca\u00edna de Monta\u00f1a\",\"url\":\"https:\\\/\\\/bmf-fvm.org\\\/\",\"logo\":{\"@type\":\"ImageObject\",\"inLanguage\":\"eu\",\"@id\":\"https:\\\/\\\/bmf-fvm.org\\\/#\\\/schema\\\/logo\\\/image\\\/\",\"url\":\"https:\\\/\\\/bmf-fvm.org\\\/wp-content\\\/uploads\\\/2022\\\/03\\\/bmf-logo-trans.png\",\"contentUrl\":\"https:\\\/\\\/bmf-fvm.org\\\/wp-content\\\/uploads\\\/2022\\\/03\\\/bmf-logo-trans.png\",\"width\":41,\"height\":61,\"caption\":\"Federaci\u00f3n Vizca\u00edna de Monta\u00f1a\"},\"image\":{\"@id\":\"https:\\\/\\\/bmf-fvm.org\\\/#\\\/schema\\\/logo\\\/image\\\/\"},\"sameAs\":[\"https:\\\/\\\/facebook.com\\\/pages\\\/Bmf-Fvm\\\/597553177057267\"]},{\"@type\":\"Person\",\"@id\":\"https:\\\/\\\/bmf-fvm.org\\\/#\\\/schema\\\/person\\\/ea0095d8d56b7126abe1dcde2019b922\",\"name\":\"Garbi\u00f1e\",\"image\":{\"@type\":\"ImageObject\",\"inLanguage\":\"eu\",\"@id\":\"https:\\\/\\\/secure.gravatar.com\\\/avatar\\\/0dfa99498ba484cdcc62754bec4dfbf40865eb51f67329efb591d006cb221ea9?s=96&d=mm&r=g\",\"url\":\"https:\\\/\\\/secure.gravatar.com\\\/avatar\\\/0dfa99498ba484cdcc62754bec4dfbf40865eb51f67329efb591d006cb221ea9?s=96&d=mm&r=g\",\"contentUrl\":\"https:\\\/\\\/secure.gravatar.com\\\/avatar\\\/0dfa99498ba484cdcc62754bec4dfbf40865eb51f67329efb591d006cb221ea9?s=96&d=mm&r=g\",\"caption\":\"Garbi\u00f1e\"}}]}<\/script>\n<!-- \/ Yoast SEO plugin. -->","yoast_head_json":{"title":"PR BI 105, 106, 107 El Grazal-Burdin Hesia-Luxar - Bizkaiko Mendizale Federazioa","robots":{"index":"index","follow":"follow","max-snippet":"max-snippet:-1","max-image-preview":"max-image-preview:large","max-video-preview":"max-video-preview:-1"},"canonical":"https:\/\/bmf-fvm.org\/eu\/pr-bi-105-106-107-el-grazal-burdin-hesia-luxar\/","og_locale":"en_US","og_type":"article","og_title":"PR BI 105, 106, 107 El Grazal-Burdin Hesia-Luxar - Bizkaiko Mendizale Federazioa","og_description":"Ekainaren 11n, igandea, 200 bat mendizalek parte hartu zuten Bizkaiko Xendazaletasun VI. Ligako irteeran, PR BI 105, 106 eta 107&hellip;","og_url":"https:\/\/bmf-fvm.org\/eu\/pr-bi-105-106-107-el-grazal-burdin-hesia-luxar\/","og_site_name":"Bizkaiko Mendizale Federazioa","article_publisher":"https:\/\/facebook.com\/pages\/Bmf-Fvm\/597553177057267","article_published_time":"2023-06-11T22:11:50+00:00","article_modified_time":"2023-06-13T07:18:22+00:00","og_image":[{"width":2560,"height":1152,"url":"https:\/\/bmf-fvm.org\/wp-content\/uploads\/2023\/06\/20230611_134602-scaled-e1686520336436.jpg","type":"image\/jpeg"}],"author":"Garbi\u00f1e","twitter_card":"summary_large_image","twitter_misc":{"Written by":"Garbi\u00f1e","Est. reading time":"1 minutua"},"schema":{"@context":"https:\/\/schema.org","@graph":[{"@type":"Article","@id":"https:\/\/bmf-fvm.org\/eu\/pr-bi-105-106-107-el-grazal-burdin-hesia-luxar\/#article","isPartOf":{"@id":"https:\/\/bmf-fvm.org\/eu\/pr-bi-105-106-107-el-grazal-burdin-hesia-luxar\/"},"author":{"name":"Garbi\u00f1e","@id":"https:\/\/bmf-fvm.org\/#\/schema\/person\/ea0095d8d56b7126abe1dcde2019b922"},"headline":"PR BI 105, 106, 107 El Grazal-Burdin Hesia-Luxar","datePublished":"2023-06-11T22:11:50+00:00","dateModified":"2023-06-13T07:18:22+00:00","mainEntityOfPage":{"@id":"https:\/\/bmf-fvm.org\/eu\/pr-bi-105-106-107-el-grazal-burdin-hesia-luxar\/"},"wordCount":244,"publisher":{"@id":"https:\/\/bmf-fvm.org\/#organization"},"image":{"@id":"https:\/\/bmf-fvm.org\/eu\/pr-bi-105-106-107-el-grazal-burdin-hesia-luxar\/#primaryimage"},"thumbnailUrl":"https:\/\/bmf-fvm.org\/wp-content\/uploads\/2023\/06\/20230611_134602-scaled-e1686520336436.jpg","articleSection":["Uncategorized @eu"],"inLanguage":"eu"},{"@type":"WebPage","@id":"https:\/\/bmf-fvm.org\/eu\/pr-bi-105-106-107-el-grazal-burdin-hesia-luxar\/","url":"https:\/\/bmf-fvm.org\/eu\/pr-bi-105-106-107-el-grazal-burdin-hesia-luxar\/","name":"PR BI 105, 106, 107 El Grazal-Burdin Hesia-Luxar - Bizkaiko Mendizale Federazioa","isPartOf":{"@id":"https:\/\/bmf-fvm.org\/#website"},"primaryImageOfPage":{"@id":"https:\/\/bmf-fvm.org\/eu\/pr-bi-105-106-107-el-grazal-burdin-hesia-luxar\/#primaryimage"},"image":{"@id":"https:\/\/bmf-fvm.org\/eu\/pr-bi-105-106-107-el-grazal-burdin-hesia-luxar\/#primaryimage"},"thumbnailUrl":"https:\/\/bmf-fvm.org\/wp-content\/uploads\/2023\/06\/20230611_134602-scaled-e1686520336436.jpg","datePublished":"2023-06-11T22:11:50+00:00","dateModified":"2023-06-13T07:18:22+00:00","breadcrumb":{"@id":"https:\/\/bmf-fvm.org\/eu\/pr-bi-105-106-107-el-grazal-burdin-hesia-luxar\/#breadcrumb"},"inLanguage":"eu","potentialAction":[{"@type":"ReadAction","target":["https:\/\/bmf-fvm.org\/eu\/pr-bi-105-106-107-el-grazal-burdin-hesia-luxar\/"]}]},{"@type":"ImageObject","inLanguage":"eu","@id":"https:\/\/bmf-fvm.org\/eu\/pr-bi-105-106-107-el-grazal-burdin-hesia-luxar\/#primaryimage","url":"https:\/\/bmf-fvm.org\/wp-content\/uploads\/2023\/06\/20230611_134602-scaled-e1686520336436.jpg","contentUrl":"https:\/\/bmf-fvm.org\/wp-content\/uploads\/2023\/06\/20230611_134602-scaled-e1686520336436.jpg","width":2560,"height":1152},{"@type":"BreadcrumbList","@id":"https:\/\/bmf-fvm.org\/eu\/pr-bi-105-106-107-el-grazal-burdin-hesia-luxar\/#breadcrumb","itemListElement":[{"@type":"ListItem","position":1,"name":"Portada","item":"https:\/\/bmf-fvm.org\/eu\/"},{"@type":"ListItem","position":2,"name":"PR BI 105, 106, 107 El Grazal-Burdin Hesia-Luxar"}]},{"@type":"WebSite","@id":"https:\/\/bmf-fvm.org\/#website","url":"https:\/\/bmf-fvm.org\/","name":"Bizkaiko Mendizale Federazioa","description":"Bizkaiko Mendizale Federazioa","publisher":{"@id":"https:\/\/bmf-fvm.org\/#organization"},"potentialAction":[{"@type":"SearchAction","target":{"@type":"EntryPoint","urlTemplate":"https:\/\/bmf-fvm.org\/?s={search_term_string}"},"query-input":{"@type":"PropertyValueSpecification","valueRequired":true,"valueName":"search_term_string"}}],"inLanguage":"eu"},{"@type":"Organization","@id":"https:\/\/bmf-fvm.org\/#organization","name":"Federaci\u00f3n Vizca\u00edna de Monta\u00f1a","url":"https:\/\/bmf-fvm.org\/","logo":{"@type":"ImageObject","inLanguage":"eu","@id":"https:\/\/bmf-fvm.org\/#\/schema\/logo\/image\/","url":"https:\/\/bmf-fvm.org\/wp-content\/uploads\/2022\/03\/bmf-logo-trans.png","contentUrl":"https:\/\/bmf-fvm.org\/wp-content\/uploads\/2022\/03\/bmf-logo-trans.png","width":41,"height":61,"caption":"Federaci\u00f3n Vizca\u00edna de Monta\u00f1a"},"image":{"@id":"https:\/\/bmf-fvm.org\/#\/schema\/logo\/image\/"},"sameAs":["https:\/\/facebook.com\/pages\/Bmf-Fvm\/597553177057267"]},{"@type":"Person","@id":"https:\/\/bmf-fvm.org\/#\/schema\/person\/ea0095d8d56b7126abe1dcde2019b922","name":"Garbi\u00f1e","image":{"@type":"ImageObject","inLanguage":"eu","@id":"https:\/\/secure.gravatar.com\/avatar\/0dfa99498ba484cdcc62754bec4dfbf40865eb51f67329efb591d006cb221ea9?s=96&d=mm&r=g","url":"https:\/\/secure.gravatar.com\/avatar\/0dfa99498ba484cdcc62754bec4dfbf40865eb51f67329efb591d006cb221ea9?s=96&d=mm&r=g","contentUrl":"https:\/\/secure.gravatar.com\/avatar\/0dfa99498ba484cdcc62754bec4dfbf40865eb51f67329efb591d006cb221ea9?s=96&d=mm&r=g","caption":"Garbi\u00f1e"}}]}},"_links":{"self":[{"href":"https:\/\/bmf-fvm.org\/eu\/wp-json\/wp\/v2\/posts\/100390","targetHints":{"allow":["GET"]}}],"collection":[{"href":"https:\/\/bmf-fvm.org\/eu\/wp-json\/wp\/v2\/posts"}],"about":[{"href":"https:\/\/bmf-fvm.org\/eu\/wp-json\/wp\/v2\/types\/post"}],"author":[{"embeddable":true,"href":"https:\/\/bmf-fvm.org\/eu\/wp-json\/wp\/v2\/users\/4"}],"replies":[{"embeddable":true,"href":"https:\/\/bmf-fvm.org\/eu\/wp-json\/wp\/v2\/comments?post=100390"}],"version-history":[{"count":0,"href":"https:\/\/bmf-fvm.org\/eu\/wp-json\/wp\/v2\/posts\/100390\/revisions"}],"wp:featuredmedia":[{"embeddable":true,"href":"https:\/\/bmf-fvm.org\/eu\/wp-json\/wp\/v2\/media\/100384"}],"wp:attachment":[{"href":"https:\/\/bmf-fvm.org\/eu\/wp-json\/wp\/v2\/media?parent=100390"}],"wp:term":[{"taxonomy":"category","embeddable":true,"href":"https:\/\/bmf-fvm.org\/eu\/wp-json\/wp\/v2\/categories?post=100390"},{"taxonomy":"post_tag","embeddable":true,"href":"https:\/\/bmf-fvm.org\/eu\/wp-json\/wp\/v2\/tags?post=100390"}],"curies":[{"name":"wp","href":"https:\/\/api.w.org\/{rel}","templated":true}]}}